{"id":19608,"date":"2013-12-17T13:18:04","date_gmt":"2013-12-17T16:18:04","guid":{"rendered":"http:\/\/vocesdebaires.com.ar\/wordpress\/index.php\/2013\/12\/17\/macri-y-la-extension-de-la-autopista-illia-2\/"},"modified":"2013-12-17T13:18:04","modified_gmt":"2013-12-17T16:18:04","slug":"macri-y-la-extension-de-la-autopista-illia-2","status":"publish","type":"post","link":"https:\/\/vocesdebaires.com.ar\/index.php\/2013\/12\/17\/macri-y-la-extension-de-la-autopista-illia-2\/","title":{"rendered":"Macri: Y la extensi\u00f3n de la Autopista Illia"},"content":{"rendered":"<p>\u00a0<br \/>\n El jefe de Gobierno porte\u00f1o recorri\u00f3 junto al ministro del Interior y Transporte de la Naci\u00f3n, Florencio Randazzo, las obras que permitir\u00e1n a cientos de miles de personas ganar tiempo todos los d\u00edas en su retorno desde esta capital a la zona norte del conurbano bonaerense. En este acceso circulan diariamente 82 mil veh\u00edculos, de los cuales 52.000 van sentido al Centro y los otros 30.000 sentido al Norte.  \u201cEn nombre de los vecinos y de los que trabajan en la Ciudad y deben viajar al Conurbano agradecemos a las autoridades nacionales por esta autorizaci\u00f3n, que hace mucho esper\u00e1bamos y que permitir\u00e1 ahorrar millones de horas por a\u00f1o a los cientos de miles de automovilistas que utilizan a diario la Autopista\u201d, afirm\u00f3 Macri.<br \/>\n El Jefe de Gobierno agreg\u00f3 que la nueva traza tambi\u00e9n posibilitar\u00e1 \u201cahorrar millones de litros de combustible, con lo cual habr\u00e1 menor contaminaci\u00f3n y desperdicio de recursos no renovables, en l\u00ednea con nuestro objetivo de que Buenos Aires sea la Ciudad Verde que queremos\u201d. \u201cEsperemos que la agenda (con el Gobierno nacional) se siga ampliando porque trabajando en equipo los argentinos, juntos, podemos encontrar las soluciones que la gente necesita\u201d, afirm\u00f3. Acompa\u00f1aron a Macri y Randazzo, la vicejefe de Gobierno, Mar\u00eda Eugenia Vidal; el jefe de Gabinete, Horacio Rodr\u00edguez Larreta; el ministro de Desarrollo Urbano, Daniel Chain; el presidente de Autopistas Urbanas SA, Gustavo Matta y Trejo, y el subsecretario de Transporte porte\u00f1o, Guillermo Dietrich. Por su parte, Randazzo agradeci\u00f3 al Jefe de Gobierno por su invitaci\u00f3n a la recorrida de hoy y coincidi\u00f3 con que la obra les permitir\u00e1 a los automovilistas un importante ahorro de tiempo en sus viajes cotidianos. La Autopista Illia es una de los principales accesos a la Ciudad de Buenos Aires, ya que diariamente circulan por su trazado 82 mil veh\u00edculos, de los cuales 52.000 van sentido al Centro y los otros 30.000 sentido al Norte.<\/p>\n","protected":false},"excerpt":{"rendered":"<p>\u00a0 El jefe de Gobierno porte\u00f1o recorri\u00f3 junto al ministro del Interior y Transporte de la Naci\u00f3n, Florencio Randazzo, las obras que permitir\u00e1n a cientos de miles de personas ganar tiempo todos los d\u00edas en su retorno desde esta capital a la zona norte del conurbano bonaerense. En este acceso circulan diariamente 82 mil veh\u00edculos, [&hellip;]<\/p>\n","protected":false},"author":2,"featured_media":16478,"comment_status":"open","ping_status":"open","sticky":false,"template":"","format":"standard","meta":{"_et_pb_use_builder":"","_et_pb_old_content":"","_et_gb_content_width":"","footnotes":""},"categories":[11,44],"tags":[],"class_list":["post-19608","post","type-post","status-publish","format-standard","has-post-thumbnail","hentry","category-ciudad","category-funcionarios-de-la-caba"],"_links":{"self":[{"href":"https:\/\/vocesdebaires.com.ar\/index.php\/wp-json\/wp\/v2\/posts\/19608"}],"collection":[{"href":"https:\/\/vocesdebaires.com.ar\/index.php\/wp-json\/wp\/v2\/posts"}],"about":[{"href":"https:\/\/vocesdebaires.com.ar\/index.php\/wp-json\/wp\/v2\/types\/post"}],"author":[{"embeddable":true,"href":"https:\/\/vocesdebaires.com.ar\/index.php\/wp-json\/wp\/v2\/users\/2"}],"replies":[{"embeddable":true,"href":"https:\/\/vocesdebaires.com.ar\/index.php\/wp-json\/wp\/v2\/comments?post=19608"}],"version-history":[{"count":0,"href":"https:\/\/vocesdebaires.com.ar\/index.php\/wp-json\/wp\/v2\/posts\/19608\/revisions"}],"wp:featuredmedia":[{"embeddable":true,"href":"https:\/\/vocesdebaires.com.ar\/index.php\/wp-json\/wp\/v2\/media\/16478"}],"wp:attachment":[{"href":"https:\/\/vocesdebaires.com.ar\/index.php\/wp-json\/wp\/v2\/media?parent=19608"}],"wp:term":[{"taxonomy":"category","embeddable":true,"href":"https:\/\/vocesdebaires.com.ar\/index.php\/wp-json\/wp\/v2\/categories?post=19608"},{"taxonomy":"post_tag","embeddable":true,"href":"https:\/\/vocesdebaires.com.ar\/index.php\/wp-json\/wp\/v2\/tags?post=19608"}],"curies":[{"name":"wp","href":"https:\/\/api.w.org\/{rel}","templated":true}]}}