{"id":19614,"date":"2013-12-17T18:10:54","date_gmt":"2013-12-17T21:10:54","guid":{"rendered":"http:\/\/vocesdebaires.com.ar\/wordpress\/index.php\/2013\/12\/17\/vidal-superviso-la-campana-de-prevencion-del-calor-2\/"},"modified":"2013-12-17T18:10:54","modified_gmt":"2013-12-17T21:10:54","slug":"vidal-superviso-la-campana-de-prevencion-del-calor-2","status":"publish","type":"post","link":"https:\/\/vocesdebaires.com.ar\/index.php\/2013\/12\/17\/vidal-superviso-la-campana-de-prevencion-del-calor-2\/","title":{"rendered":"Vidal  supervis\u00f3 la campa\u00f1a de prevenci\u00f3n del calor"},"content":{"rendered":"<p>\u00a0<br \/>\n  La vicejefa de gobierno porte\u00f1o, Mar\u00eda Eugenia Vidal, supervis\u00f3 esta ma\u00f1ana, en Retiro, el trabajo de prevenci\u00f3n del calor que el gobierno de la ciudad est\u00e1 realizando en diferentes puntos de la ciudad, ante las elevadas temperaturas que se registran en estos d\u00edas. Acompa\u00f1ada por la ministra de Desarrollo Social, Carolina Stanley, Vidal recorri\u00f3 una de las postas sanitarias, ubicada en Avenida Libertador y Ramos Mej\u00eda, donde los vecinos pueden acercarse para hacerse controles gratuitos de presi\u00f3n, hidratarse y recibir consejos sobre c\u00f3mo evitar el golpe de calor.<br \/>\n La vicejefa remarc\u00f3 que adem\u00e1s de estos m\u00f3viles sanitarios, las m\u00e1s de 30 estaciones saludables ubicadas en plazas y parques de la ciudad tambi\u00e9n est\u00e1n trabajando para concientizar sobre la importancia de la prevenci\u00f3n y los cuidados que hay que adoptar para evitar los efectos da\u00f1inos del calor excesivo.  \u201cEs importante que los vecinos tengan presente y sigan las recomendaciones que estamos difundiendo,\u201d destac\u00f3 Vidal. \u201cHidratarse, comer liviano, usar ropas claras, reducir la actividad f\u00edsica, no exponerse al sol en exceso, y permanecer en lugares ventilados o acondicionados son algunos de los consejos a tener en cuenta para poder contrarrestar el calor y sus efectos en la salud.\u201d Por \u00faltimo, Vidal record\u00f3 que ante cualquier emergencia provocada por cuadros de golpe de calor se puede llamar a la l\u00ednea 107 del SAME.<\/p>\n","protected":false},"excerpt":{"rendered":"<p>\u00a0 La vicejefa de gobierno porte\u00f1o, Mar\u00eda Eugenia Vidal, supervis\u00f3 esta ma\u00f1ana, en Retiro, el trabajo de prevenci\u00f3n del calor que el gobierno de la ciudad est\u00e1 realizando en diferentes puntos de la ciudad, ante las elevadas temperaturas que se registran en estos d\u00edas. Acompa\u00f1ada por la ministra de Desarrollo Social, Carolina Stanley, Vidal recorri\u00f3 [&hellip;]<\/p>\n","protected":false},"author":2,"featured_media":16490,"comment_status":"open","ping_status":"open","sticky":false,"template":"","format":"standard","meta":{"_et_pb_use_builder":"","_et_pb_old_content":"","_et_gb_content_width":"","footnotes":""},"categories":[11,44],"tags":[],"class_list":["post-19614","post","type-post","status-publish","format-standard","has-post-thumbnail","hentry","category-ciudad","category-funcionarios-de-la-caba"],"_links":{"self":[{"href":"https:\/\/vocesdebaires.com.ar\/index.php\/wp-json\/wp\/v2\/posts\/19614"}],"collection":[{"href":"https:\/\/vocesdebaires.com.ar\/index.php\/wp-json\/wp\/v2\/posts"}],"about":[{"href":"https:\/\/vocesdebaires.com.ar\/index.php\/wp-json\/wp\/v2\/types\/post"}],"author":[{"embeddable":true,"href":"https:\/\/vocesdebaires.com.ar\/index.php\/wp-json\/wp\/v2\/users\/2"}],"replies":[{"embeddable":true,"href":"https:\/\/vocesdebaires.com.ar\/index.php\/wp-json\/wp\/v2\/comments?post=19614"}],"version-history":[{"count":0,"href":"https:\/\/vocesdebaires.com.ar\/index.php\/wp-json\/wp\/v2\/posts\/19614\/revisions"}],"wp:featuredmedia":[{"embeddable":true,"href":"https:\/\/vocesdebaires.com.ar\/index.php\/wp-json\/wp\/v2\/media\/16490"}],"wp:attachment":[{"href":"https:\/\/vocesdebaires.com.ar\/index.php\/wp-json\/wp\/v2\/media?parent=19614"}],"wp:term":[{"taxonomy":"category","embeddable":true,"href":"https:\/\/vocesdebaires.com.ar\/index.php\/wp-json\/wp\/v2\/categories?post=19614"},{"taxonomy":"post_tag","embeddable":true,"href":"https:\/\/vocesdebaires.com.ar\/index.php\/wp-json\/wp\/v2\/tags?post=19614"}],"curies":[{"name":"wp","href":"https:\/\/api.w.org\/{rel}","templated":true}]}}