{"id":19618,"date":"2013-12-18T12:48:30","date_gmt":"2013-12-18T15:48:30","guid":{"rendered":"http:\/\/vocesdebaires.com.ar\/wordpress\/index.php\/2013\/12\/18\/inscripcion-on-line-pavimenta-el-vaciamiento-de-las-escuelas-2\/"},"modified":"2013-12-18T12:48:30","modified_gmt":"2013-12-18T15:48:30","slug":"inscripcion-on-line-pavimenta-el-vaciamiento-de-las-escuelas-2","status":"publish","type":"post","link":"https:\/\/vocesdebaires.com.ar\/index.php\/2013\/12\/18\/inscripcion-on-line-pavimenta-el-vaciamiento-de-las-escuelas-2\/","title":{"rendered":"Inscripci\u00f3n on line pavimenta el vaciamiento de las escuelas"},"content":{"rendered":"<p>\u00a0<br \/>\n Marcelo Ramal, Legislador por el Frente de Izquierda, adhiri\u00f3 a la convocatoria a una sesi\u00f3n extraordinaria de la Legislatura, para interpelar al ministro Esteban Bullrich por los miles de alumnos que quedaron sin vacantes en la Ciudad. &quot;La inscripci\u00f3n on line pavimenta el vaciamiento de la escuela p\u00fablica, para proceder posteriormente al cierre de grados y cursos y derivar alumnos hacia la educaci\u00f3n privada. Esta pol\u00edtica, por otra parte, lleva a un masivo despido de docentes\u201d, se\u00f1al\u00f3 Ramal.<br \/>\n\u201cCon el reclamo de una sesi\u00f3n extraordinaria, queremos reforzar la acci\u00f3n de los sindicatos docentes de la Ciudad y de miles de padres en todos los barrios. El reclamo es claro: que se abran los colegios a la inscripci\u00f3n manual de todos los que se han quedado sin vacante\u201d, concluy\u00f3 el legislador del FIT.<br \/>\n\u00a0<\/p>\n","protected":false},"excerpt":{"rendered":"<p>\u00a0 Marcelo Ramal, Legislador por el Frente de Izquierda, adhiri\u00f3 a la convocatoria a una sesi\u00f3n extraordinaria de la Legislatura, para interpelar al ministro Esteban Bullrich por los miles de alumnos que quedaron sin vacantes en la Ciudad. &quot;La inscripci\u00f3n on line pavimenta el vaciamiento de la escuela p\u00fablica, para proceder posteriormente al cierre de [&hellip;]<\/p>\n","protected":false},"author":2,"featured_media":16498,"comment_status":"open","ping_status":"open","sticky":false,"template":"","format":"standard","meta":{"_et_pb_use_builder":"","_et_pb_old_content":"","_et_gb_content_width":"","footnotes":""},"categories":[11,44],"tags":[],"class_list":["post-19618","post","type-post","status-publish","format-standard","has-post-thumbnail","hentry","category-ciudad","category-funcionarios-de-la-caba"],"_links":{"self":[{"href":"https:\/\/vocesdebaires.com.ar\/index.php\/wp-json\/wp\/v2\/posts\/19618"}],"collection":[{"href":"https:\/\/vocesdebaires.com.ar\/index.php\/wp-json\/wp\/v2\/posts"}],"about":[{"href":"https:\/\/vocesdebaires.com.ar\/index.php\/wp-json\/wp\/v2\/types\/post"}],"author":[{"embeddable":true,"href":"https:\/\/vocesdebaires.com.ar\/index.php\/wp-json\/wp\/v2\/users\/2"}],"replies":[{"embeddable":true,"href":"https:\/\/vocesdebaires.com.ar\/index.php\/wp-json\/wp\/v2\/comments?post=19618"}],"version-history":[{"count":0,"href":"https:\/\/vocesdebaires.com.ar\/index.php\/wp-json\/wp\/v2\/posts\/19618\/revisions"}],"wp:featuredmedia":[{"embeddable":true,"href":"https:\/\/vocesdebaires.com.ar\/index.php\/wp-json\/wp\/v2\/media\/16498"}],"wp:attachment":[{"href":"https:\/\/vocesdebaires.com.ar\/index.php\/wp-json\/wp\/v2\/media?parent=19618"}],"wp:term":[{"taxonomy":"category","embeddable":true,"href":"https:\/\/vocesdebaires.com.ar\/index.php\/wp-json\/wp\/v2\/categories?post=19618"},{"taxonomy":"post_tag","embeddable":true,"href":"https:\/\/vocesdebaires.com.ar\/index.php\/wp-json\/wp\/v2\/tags?post=19618"}],"curies":[{"name":"wp","href":"https:\/\/api.w.org\/{rel}","templated":true}]}}