{"id":19620,"date":"2013-12-18T13:05:08","date_gmt":"2013-12-18T16:05:08","guid":{"rendered":"http:\/\/vocesdebaires.com.ar\/wordpress\/index.php\/2013\/12\/18\/bodart-refuto-a-capitanich-por-los-cortes-de-luz-2\/"},"modified":"2013-12-18T13:05:08","modified_gmt":"2013-12-18T16:05:08","slug":"bodart-refuto-a-capitanich-por-los-cortes-de-luz-2","status":"publish","type":"post","link":"https:\/\/vocesdebaires.com.ar\/index.php\/2013\/12\/18\/bodart-refuto-a-capitanich-por-los-cortes-de-luz-2\/","title":{"rendered":"Bodart refut\u00f3 a Capitanich por los cortes de luz"},"content":{"rendered":"<p>\u00a0<br \/>\n El diputado Alejandro Bodart (MST-Nueva Izquierda) refut\u00f3 hoy duramente al jefe de gabinete sobre los cortes de luz: &quot;Jorge Capitanich es un caradura de marca mayor. Los cortes se deben al crecimiento, por cierto, pero no de la econom\u00eda sino de la irresponsabilidad oficial. Cada a\u00f1o el problema empeora porque el gobierno nacional no encara las inversiones necesarias, que deber\u00edan ser el primer paso hacia reestatizar todo el sistema el\u00e9ctrico: producci\u00f3n, transporte, distribuci\u00f3n y comercializaci\u00f3n.&quot; Bodart agreg\u00f3: &quot;Vamos a un fin de a\u00f1o doblemente caliente, ya que junto al calor clim\u00e1tico sube la temperatura de la bronca popular. En t\u00e9rminos de pron\u00f3stico, parecen avecinarse tiempos de estallido social.&quot;<\/p>\n","protected":false},"excerpt":{"rendered":"<p>\u00a0 El diputado Alejandro Bodart (MST-Nueva Izquierda) refut\u00f3 hoy duramente al jefe de gabinete sobre los cortes de luz: &quot;Jorge Capitanich es un caradura de marca mayor. Los cortes se deben al crecimiento, por cierto, pero no de la econom\u00eda sino de la irresponsabilidad oficial. Cada a\u00f1o el problema empeora porque el gobierno nacional no [&hellip;]<\/p>\n","protected":false},"author":2,"featured_media":15657,"comment_status":"open","ping_status":"open","sticky":false,"template":"","format":"standard","meta":{"_et_pb_use_builder":"","_et_pb_old_content":"","_et_gb_content_width":"","footnotes":""},"categories":[11,44],"tags":[],"class_list":["post-19620","post","type-post","status-publish","format-standard","has-post-thumbnail","hentry","category-ciudad","category-funcionarios-de-la-caba"],"_links":{"self":[{"href":"https:\/\/vocesdebaires.com.ar\/index.php\/wp-json\/wp\/v2\/posts\/19620"}],"collection":[{"href":"https:\/\/vocesdebaires.com.ar\/index.php\/wp-json\/wp\/v2\/posts"}],"about":[{"href":"https:\/\/vocesdebaires.com.ar\/index.php\/wp-json\/wp\/v2\/types\/post"}],"author":[{"embeddable":true,"href":"https:\/\/vocesdebaires.com.ar\/index.php\/wp-json\/wp\/v2\/users\/2"}],"replies":[{"embeddable":true,"href":"https:\/\/vocesdebaires.com.ar\/index.php\/wp-json\/wp\/v2\/comments?post=19620"}],"version-history":[{"count":0,"href":"https:\/\/vocesdebaires.com.ar\/index.php\/wp-json\/wp\/v2\/posts\/19620\/revisions"}],"wp:featuredmedia":[{"embeddable":true,"href":"https:\/\/vocesdebaires.com.ar\/index.php\/wp-json\/wp\/v2\/media\/15657"}],"wp:attachment":[{"href":"https:\/\/vocesdebaires.com.ar\/index.php\/wp-json\/wp\/v2\/media?parent=19620"}],"wp:term":[{"taxonomy":"category","embeddable":true,"href":"https:\/\/vocesdebaires.com.ar\/index.php\/wp-json\/wp\/v2\/categories?post=19620"},{"taxonomy":"post_tag","embeddable":true,"href":"https:\/\/vocesdebaires.com.ar\/index.php\/wp-json\/wp\/v2\/tags?post=19620"}],"curies":[{"name":"wp","href":"https:\/\/api.w.org\/{rel}","templated":true}]}}