{"id":19625,"date":"2013-12-19T14:51:55","date_gmt":"2013-12-19T17:51:55","guid":{"rendered":"http:\/\/vocesdebaires.com.ar\/wordpress\/index.php\/2013\/12\/19\/villa-urquiza-macri-inauguro-el-paso-bajo-nivel-altolaguirre-2\/"},"modified":"2013-12-19T14:51:55","modified_gmt":"2013-12-19T17:51:55","slug":"villa-urquiza-macri-inauguro-el-paso-bajo-nivel-altolaguirre-2","status":"publish","type":"post","link":"https:\/\/vocesdebaires.com.ar\/index.php\/2013\/12\/19\/villa-urquiza-macri-inauguro-el-paso-bajo-nivel-altolaguirre-2\/","title":{"rendered":"Villa Urquiza: Macri inaugur\u00f3 el Paso Bajo Nivel Altolaguirre"},"content":{"rendered":"<p>\u00a0<br \/>\n El jefe de Gobierno de la Ciudad de Buenos Aires, Mauricio Macri, inaugur\u00f3 ayer el Paso Bajo Nivel Altolaguirre, que atraviesa las v\u00edas del ferrocarril Mitre-Ramal Jos\u00e9 Le\u00f3n Suarez \u00a0y que conecta las calles Roosevelt y Blanco Encalada con \u00fanico sentido de circulaci\u00f3n en direcci\u00f3n a la avenida Olaz\u00e1bal, en el barrio de Villa Urquiza.. Macri sostuvo que \u201ceste es el bajo nivel n\u00famero 22 que habilitamos durante esta gesti\u00f3n \u201d y se\u00f1al\u00f3 que la obra contribuir\u00e1 a \u201cagilizar la conectividad del tr\u00e1nsito para que miles de \u00a0vecinos de Villa Urquiza y de otros barrios aleda\u00f1os \u00a0puedan recuperar m\u00e1s horas de tiempo en sus viajes\u201d.<br \/>\nEl Jefe de Gobierno \u00a0inaugur\u00f3 el t\u00fanel luego de recorrerlo junto a los obreros de la empresa Autopistas Urbanas (AUSA) que trabajaron en la obra. Tambi\u00e9n estuvo acompa\u00f1ado por el jefe de Gabinete, Horacio Rodr\u00edguez Larreta; el ministro de Desarrollo Urbano, Daniel Cha\u00edn, y el \u00a0titular de AUSA, Gustavo Matta y Trejo.\u00a0 \u201cLos muchachos de AUSA me preguntaban cu\u00e1l viene ahora porque cada obra es un nuevo compromiso de trabajo para ellos y yo les dec\u00eda que vamos a seguir haciendo m\u00e1s bajo niveles, porque hay mucho para hacer todav\u00eda y queremos continuar en esta l\u00ednea&quot;, afirm\u00f3.<br \/>\nSubray\u00f3 que &quot;la construcci\u00f3n de un bajo nivel no s\u00f3lo tiene una incidencia muy favorable para el tr\u00e1nsito y la seguridad vial, sino \u00a0tambi\u00e9n para el \u00a0entorno urbano de un barrio, porque mejora \u00a0el espacio p\u00fablico con m\u00e1s seguridad y mas iluminaci\u00f3n&quot;. Macri destac\u00f3 que entre las obras previstas figura \u00a0la de los t\u00faneles de la avenida 9 de Julio, que \u201cvan facilitar una salida m\u00e1s r\u00e1pida del Metrobus hacia la zona sur\u201d. \u201cPero, adem\u00e1s, hay algo muy importante. Cada \u00a0obra nos demuestra que somos parte de una sociedad en la que \u00a0podemos mejorar todos los d\u00edas y que los argentinos podemos alcanzar grandes logros \u00a0si \u00a0trabajamos juntos y ponemos la energ\u00eda en construir y no en agredir y en dividir\u201d, agreg\u00f3.<br \/>\nEl nuevo paso bajo nivel de la calle Altolaguirre cuenta con un carril cuya altura libre de paso es de 2,80 metros y est\u00e1 destinado a tr\u00e1nsito liviano. No permite la circulaci\u00f3n de camiones y colectivos y posee pasos peatonales \u00a0con escaleras y rampas para personas con movilidad reducida. Adem\u00e1s, en \u00a0el marco de la obra se construyeron calles de convivencia que permiten el acceso de los frentistas, con nuevas veredas, mayor iluminaci\u00f3n, barandas de protecci\u00f3n y forestaci\u00f3n, mientras que para \u00a0mejorar la calidad est\u00e9tica de la obra tambi\u00e9n se hicieron una serie de murales en las paredes del t\u00fanel. Con la apertura de esta conexi\u00f3n vial se \u00a0modifica el sentido de circulaci\u00f3n de Altolaguirre, que pasar\u00e1 a tener rumbo \u00fanico en direcci\u00f3n al sur \u00a0en el tramo comprendido entre las avenidas Congreso y Olaz\u00e1bal.<\/p>\n","protected":false},"excerpt":{"rendered":"<p>\u00a0 El jefe de Gobierno de la Ciudad de Buenos Aires, Mauricio Macri, inaugur\u00f3 ayer el Paso Bajo Nivel Altolaguirre, que atraviesa las v\u00edas del ferrocarril Mitre-Ramal Jos\u00e9 Le\u00f3n Suarez \u00a0y que conecta las calles Roosevelt y Blanco Encalada con \u00fanico sentido de circulaci\u00f3n en direcci\u00f3n a la avenida Olaz\u00e1bal, en el barrio de Villa [&hellip;]<\/p>\n","protected":false},"author":2,"featured_media":16511,"comment_status":"open","ping_status":"open","sticky":false,"template":"","format":"standard","meta":{"_et_pb_use_builder":"","_et_pb_old_content":"","_et_gb_content_width":"","footnotes":""},"categories":[11,44],"tags":[],"class_list":["post-19625","post","type-post","status-publish","format-standard","has-post-thumbnail","hentry","category-ciudad","category-funcionarios-de-la-caba"],"_links":{"self":[{"href":"https:\/\/vocesdebaires.com.ar\/index.php\/wp-json\/wp\/v2\/posts\/19625"}],"collection":[{"href":"https:\/\/vocesdebaires.com.ar\/index.php\/wp-json\/wp\/v2\/posts"}],"about":[{"href":"https:\/\/vocesdebaires.com.ar\/index.php\/wp-json\/wp\/v2\/types\/post"}],"author":[{"embeddable":true,"href":"https:\/\/vocesdebaires.com.ar\/index.php\/wp-json\/wp\/v2\/users\/2"}],"replies":[{"embeddable":true,"href":"https:\/\/vocesdebaires.com.ar\/index.php\/wp-json\/wp\/v2\/comments?post=19625"}],"version-history":[{"count":0,"href":"https:\/\/vocesdebaires.com.ar\/index.php\/wp-json\/wp\/v2\/posts\/19625\/revisions"}],"wp:featuredmedia":[{"embeddable":true,"href":"https:\/\/vocesdebaires.com.ar\/index.php\/wp-json\/wp\/v2\/media\/16511"}],"wp:attachment":[{"href":"https:\/\/vocesdebaires.com.ar\/index.php\/wp-json\/wp\/v2\/media?parent=19625"}],"wp:term":[{"taxonomy":"category","embeddable":true,"href":"https:\/\/vocesdebaires.com.ar\/index.php\/wp-json\/wp\/v2\/categories?post=19625"},{"taxonomy":"post_tag","embeddable":true,"href":"https:\/\/vocesdebaires.com.ar\/index.php\/wp-json\/wp\/v2\/tags?post=19625"}],"curies":[{"name":"wp","href":"https:\/\/api.w.org\/{rel}","templated":true}]}}