{"id":19630,"date":"2013-12-19T19:07:25","date_gmt":"2013-12-19T22:07:25","guid":{"rendered":"http:\/\/vocesdebaires.com.ar\/wordpress\/index.php\/2013\/12\/19\/gobierno-nacionalresponsable-del-fracaso-de-la-politica-energetica-2\/"},"modified":"2013-12-19T19:07:25","modified_gmt":"2013-12-19T22:07:25","slug":"gobierno-nacionalresponsable-del-fracaso-de-la-politica-energetica-2","status":"publish","type":"post","link":"https:\/\/vocesdebaires.com.ar\/index.php\/2013\/12\/19\/gobierno-nacionalresponsable-del-fracaso-de-la-politica-energetica-2\/","title":{"rendered":"Gobierno Nacional:Responsable del fracaso de la pol\u00edtica energ\u00e9tica"},"content":{"rendered":"<p>\u00a0<br \/>\n El jefe de Gobierno porte\u00f1o, Mauricio Macri, asegur\u00f3 hoy que el Gobierno Nacional \u201ces el responsable del fracaso de la pol\u00edtica energ\u00e9tica porque desde hace diez a\u00f1os que ha transitado un camino de desinversi\u00f3n permanente\u201d y anunci\u00f3 un proyecto de ley para que todos los edificios superiores a seis pisos de la Ciudad tengan obligatoriamente grupos electr\u00f3genos.  Macri anunci\u00f3, adem\u00e1s, que el Banco Ciudad otorgar\u00e1 una l\u00ednea de cr\u00e9ditos accesibles para la compra tales de grupos electr\u00f3genos.<br \/>\n  En una conferencia de prensa que ofreci\u00f3 en el Palacio Municipal junto al Jefe de Gabinete porte\u00f1o, Horacio Rodr\u00edguez Larreta y el Presidente del Banco Ciudad, Rogelio Frigerio, \u00a0el jefe de Gobierno dio a conocer una serie de medidas que adoptar\u00e1 la Ciudad para ayudar a paliar la crisis energ\u00e9tica:  Promover una ley para que edificios de propiedad horizontal de m\u00e1s de seis pisos cuenten con grupo electr\u00f3geno para hacer frente a necesidades b\u00e1sicas energ\u00e9ticas. Conjuntamente con esta medida se facilitar\u00e1n a trav\u00e9s del Banco Ciudad l\u00edneas de cr\u00e9dito a tasas accesibles y de largo plazo para hacer frente a la adquisici\u00f3n de dichos equipos.<br \/>\n Medidas Estructurales:<br \/>\n &#8211; Continuar y acelerar la transformaci\u00f3n a tecnolog\u00eda de iluminaci\u00f3n LED para el alumbrado p\u00fablico, sem\u00e1foros y edificios p\u00fablicos, reduciendo en un 50% el consumo.<br \/>\n &#8211; Realizar campa\u00f1as de concientizaci\u00f3n sobre el uso eficiente de la energ\u00eda y reforzar la importancia de dicha concientizaci\u00f3n en los programas educativos en las escuelas.<br \/>\n Medida de Emergencia:<br \/>\n De Gobierno:<br \/>\n &#8211; Fijar temperatura de Aires Acondicionados (A\/C) en 25 grados en todas las oficinas y \u00e1reas comunes.<br \/>\n &#8211; Apagar iluminaci\u00f3n de edificios p\u00fablicos despu\u00e9s de las 20hs, y no encender iluminaci\u00f3n de Monumentos y fachadas externas.<br \/>\n &#8211; Apagar carteles de publicidad del GCBA y Mobiliario.<br \/>\n &#8211; Apagar fuentes en plazas.- Instruir a los empleados del GCBA a apagar computadoras, monitores, parlantes, impresoras, fotocopiadoras, dispensers de agua y dem\u00e1s equipos el\u00e9ctricos al fin del horario laboral.<br \/>\n A las empresas y comercios:<br \/>\n &#8211; Convocarlas para armar un plan de emergencia para hacer frente a los picos de calor que generen altos consumos de energ\u00eda.<br \/>\n Vamos a dar recomendaciones a vecinos para un uso racional de la energ\u00eda en momentos de alta temperatura.  Macri subray\u00f3 la importancia de \u201cno derrochar energ\u00eda porque es un recurso que hay que cuidar\u201d y remarc\u00f3 que \u201chay que ser solidario con las generaciones que vienen cuidando el medio ambiente y reducir los consumos\u201d.  Se\u00f1al\u00f3 que \u201cla distribuci\u00f3n de la electricidad que tenemos es la misma del a\u00f1o 2003, a pesar de que hay 60 por ciento m\u00e1s de demanda, con la agravante de que en una d\u00e9cada envejeci\u00f3, perdi\u00f3 confiabilidad y necesita ser renovada\u201d.  Explic\u00f3 que, por ese motivo, los porte\u00f1os \u201ctenemos seis veces m\u00e1s cortes que hace diez a\u00f1os, que antes eran de minutos y ahora son horas o d\u00edas en que las familias se quedan sin agua y sin luz para poder llevar una vida normal\u201d.<br \/>\n    Macri afirm\u00f3 que \u201ceste fracaso va a poder solucionarse s\u00f3lo desde el momento en que el Gobierno Nacional reconozca el problema y lleve adelante un plan de inversi\u00f3n serio, constante y r\u00e1pido\u201d, aunque advirti\u00f3 que una vez que se ponga en marcha habr\u00e1 que aguardar \u201cdos o tres a\u00f1os\u201d para observar un cambio.  Dijo que el Gobierno de la Ciudad \u201cest\u00e1 permanentemente ayudando a los vecinos con Defensa Civil y la Guardia de Auxilio con prioridad en los Hospitales, Centros de Salud y Geri\u00e1tricos\u201d.<\/p>\n","protected":false},"excerpt":{"rendered":"<p>\u00a0 El jefe de Gobierno porte\u00f1o, Mauricio Macri, asegur\u00f3 hoy que el Gobierno Nacional \u201ces el responsable del fracaso de la pol\u00edtica energ\u00e9tica porque desde hace diez a\u00f1os que ha transitado un camino de desinversi\u00f3n permanente\u201d y anunci\u00f3 un proyecto de ley para que todos los edificios superiores a seis pisos de la Ciudad tengan [&hellip;]<\/p>\n","protected":false},"author":2,"featured_media":15701,"comment_status":"open","ping_status":"open","sticky":false,"template":"","format":"standard","meta":{"_et_pb_use_builder":"","_et_pb_old_content":"","_et_gb_content_width":"","footnotes":""},"categories":[11,44],"tags":[],"class_list":["post-19630","post","type-post","status-publish","format-standard","has-post-thumbnail","hentry","category-ciudad","category-funcionarios-de-la-caba"],"_links":{"self":[{"href":"https:\/\/vocesdebaires.com.ar\/index.php\/wp-json\/wp\/v2\/posts\/19630"}],"collection":[{"href":"https:\/\/vocesdebaires.com.ar\/index.php\/wp-json\/wp\/v2\/posts"}],"about":[{"href":"https:\/\/vocesdebaires.com.ar\/index.php\/wp-json\/wp\/v2\/types\/post"}],"author":[{"embeddable":true,"href":"https:\/\/vocesdebaires.com.ar\/index.php\/wp-json\/wp\/v2\/users\/2"}],"replies":[{"embeddable":true,"href":"https:\/\/vocesdebaires.com.ar\/index.php\/wp-json\/wp\/v2\/comments?post=19630"}],"version-history":[{"count":0,"href":"https:\/\/vocesdebaires.com.ar\/index.php\/wp-json\/wp\/v2\/posts\/19630\/revisions"}],"wp:featuredmedia":[{"embeddable":true,"href":"https:\/\/vocesdebaires.com.ar\/index.php\/wp-json\/wp\/v2\/media\/15701"}],"wp:attachment":[{"href":"https:\/\/vocesdebaires.com.ar\/index.php\/wp-json\/wp\/v2\/media?parent=19630"}],"wp:term":[{"taxonomy":"category","embeddable":true,"href":"https:\/\/vocesdebaires.com.ar\/index.php\/wp-json\/wp\/v2\/categories?post=19630"},{"taxonomy":"post_tag","embeddable":true,"href":"https:\/\/vocesdebaires.com.ar\/index.php\/wp-json\/wp\/v2\/tags?post=19630"}],"curies":[{"name":"wp","href":"https:\/\/api.w.org\/{rel}","templated":true}]}}