{"id":19641,"date":"2013-12-20T12:49:07","date_gmt":"2013-12-20T15:49:07","guid":{"rendered":"http:\/\/vocesdebaires.com.ar\/wordpress\/index.php\/2013\/12\/20\/sorteo-de-la-copa-libertadores-2014-2\/"},"modified":"2013-12-20T12:49:07","modified_gmt":"2013-12-20T15:49:07","slug":"sorteo-de-la-copa-libertadores-2014-2","status":"publish","type":"post","link":"https:\/\/vocesdebaires.com.ar\/index.php\/2013\/12\/20\/sorteo-de-la-copa-libertadores-2014-2\/","title":{"rendered":"Sorteo de la Copa Libertadores 2014"},"content":{"rendered":"<p>\u00a0<br \/>\n Se llev\u00f3 a cabo el sorteo de la Copa Bridgestone Libertadores, edici\u00f3n 2014. Previamente, se realiz\u00f3 la reuni\u00f3n de Comit\u00e9 Ejecutivo de la Conmebol. Miembros presentes en la reuni\u00f3n de Comit\u00e9 Ejecutivo: Julio Humberto Grondona (Presidente de la Asociaci\u00f3n del F\u00fatbol Argentino), Carlos Ch\u00e1vez Land\u00edvar (Bolivia, tesorero de la CSF), Jos\u00e9 Mar\u00eda Mar\u00edn, (Brasil), Marco Polo Del Nero (Vicepresidente de la FIFA por Sudam\u00e9rica) Lu\u00eds Bedoya (Colombia, vicepresidente 2\u00b0 de la CSF), Sergio Jadue (Chile, vicepresidente 3\u00b0 de la CSF), Luis Chiriboga (Ecuador), Manuel Burga Seoane (Per\u00fa) y Sebasti\u00e1n Bauza (Uruguay), Dr. Jos\u00e9 Luis Meiszner, Secretario General y el Gerente, Sr. Romer Osuna A\u00f1ez.El sorteo se realiz\u00f3 \u00a0en el Centro de Convenciones de la Conmebol, en Luque, Paraguay.<br \/>\nSe trataron los siguientes puntos en el Comit\u00e9 Ejecutivo:<br \/>\n Aprobaci\u00f3n de la reuni\u00f3n anterior; Extinci\u00f3n del contrato de publicidad y patrocinio con Global Sports Partners LLP; Aprobaci\u00f3n del Reglamento de la Copa Bridgestone Libertadores 2014 (Reg\u00edmen Econ\u00f3mico, calendario de la competici\u00f3n, sistema del sorteo y Cartas de Conformidad y Compromiso); Copa Am\u00e9rica Chile 2015; Copa Centenario y la aprobaci\u00f3n del calendario de las competiciones de selecciones no absolutas: Sudamericano Femenino Sub 20, que organizar\u00e1 la Asociaci\u00f3n Uruguaya, y que determinar\u00e1 dos clasificados para el mundial de la categor\u00eda; Balance del Sudamericano Sub-17 de Paraguay, entre otros aspectos.<br \/>\n Estos son los emparejamientos de la primera fase y de la segunda fase (fase de grupos):<br \/>\n\u00a0<br \/>\n Primera Fase<br \/>\n Llave G1<br \/>\nSporting Cristal (Per\u00fa)-At. Paranaense (Brasil)<br \/>\n Llave G2<br \/>\nDeportivo Quito (Ecuador)-Botafogo (Brasil)<br \/>\n Llave G3<br \/>\nChile 3-Guaran\u00ed (Paraguay)<br \/>\n Llave G4<br \/>\nCaracas (Venezuela)-Argentina 5<br \/>\n Llave G5<br \/>\nMonarcas (M\u00e9xico)-Santa Fe (Colombia)<br \/>\n Llave G6<br \/>\nOriente Petrolero (Bolivia)-Nacional (Uruguay)<br \/>\n\u00a0<br \/>\n Segunda Fase<br \/>\n Grupo 1<br \/>\nV\u00e9lez Sarfield (Argentina)<br \/>\nPer\u00fa 1<br \/>\nBolivia 2<br \/>\nGanador G1<br \/>\n\u00a0<br \/>\nGrupo 2<br \/>\nUni\u00f3n Espa\u00f1ola (Chile)<br \/>\nIndependiente del Valle (Ecuador)<br \/>\nArgentina 3<br \/>\nGanador G2<br \/>\n Grupo 3<br \/>\nCerro Porte\u00f1o (Paraguay)<br \/>\nDeportivo Cali (Colombia)<br \/>\nO&#8217;Higgins (Chile)<br \/>\nGanador G4<br \/>\n Grupo 4<br \/>\nAlt\u00e9tico Mineiro (Brasil)<br \/>\nZamora (Venezuela)<br \/>\nNacional (Paraguay)<br \/>\nGanador G5<br \/>\n Grupo 5<br \/>\nCruzeiro (Brasil)<br \/>\nPer\u00fa 2<br \/>\nDefensor Sporting (Uruguay)<br \/>\nGanador G3<br \/>\n Grupo 6<br \/>\nNewell&#8217;s Old Boys (Argentina)<br \/>\nAtl\u00e9tico Nacional (Colombia)<br \/>\nGremio (Brasil)<br \/>\nGanador G6<br \/>\n Grupo 7<br \/>\nBol\u00edvar (Bolivia)<br \/>\nEmelec (Ecuador)<br \/>\nFlamengo (Brasil)<br \/>\nLe\u00f3n (M\u00e9xico)<br \/>\n Grupo 8<br \/>\nPe\u00f1arol (Uruguay)<br \/>\nDeportivo Anzoategui (Venezuela)<br \/>\nArsenal F.C. (Argentina)<br \/>\nSantos Laguna (M\u00e9xico)<br \/>\n\u00a0<br \/>\n\u00a0<br \/>\n\u00a0<br \/>\n\u00a0<br \/>\n\u00a0<\/p>\n","protected":false},"excerpt":{"rendered":"<p>\u00a0 Se llev\u00f3 a cabo el sorteo de la Copa Bridgestone Libertadores, edici\u00f3n 2014. Previamente, se realiz\u00f3 la reuni\u00f3n de Comit\u00e9 Ejecutivo de la Conmebol. Miembros presentes en la reuni\u00f3n de Comit\u00e9 Ejecutivo: Julio Humberto Grondona (Presidente de la Asociaci\u00f3n del F\u00fatbol Argentino), Carlos Ch\u00e1vez Land\u00edvar (Bolivia, tesorero de la CSF), Jos\u00e9 Mar\u00eda Mar\u00edn, (Brasil), [&hellip;]<\/p>\n","protected":false},"author":2,"featured_media":16541,"comment_status":"open","ping_status":"open","sticky":false,"template":"","format":"standard","meta":{"_et_pb_use_builder":"","_et_pb_old_content":"","_et_gb_content_width":"","footnotes":""},"categories":[14,50],"tags":[],"class_list":["post-19641","post","type-post","status-publish","format-standard","has-post-thumbnail","hentry","category-deportes","category-futbol-internacional-2"],"_links":{"self":[{"href":"https:\/\/vocesdebaires.com.ar\/index.php\/wp-json\/wp\/v2\/posts\/19641"}],"collection":[{"href":"https:\/\/vocesdebaires.com.ar\/index.php\/wp-json\/wp\/v2\/posts"}],"about":[{"href":"https:\/\/vocesdebaires.com.ar\/index.php\/wp-json\/wp\/v2\/types\/post"}],"author":[{"embeddable":true,"href":"https:\/\/vocesdebaires.com.ar\/index.php\/wp-json\/wp\/v2\/users\/2"}],"replies":[{"embeddable":true,"href":"https:\/\/vocesdebaires.com.ar\/index.php\/wp-json\/wp\/v2\/comments?post=19641"}],"version-history":[{"count":0,"href":"https:\/\/vocesdebaires.com.ar\/index.php\/wp-json\/wp\/v2\/posts\/19641\/revisions"}],"wp:featuredmedia":[{"embeddable":true,"href":"https:\/\/vocesdebaires.com.ar\/index.php\/wp-json\/wp\/v2\/media\/16541"}],"wp:attachment":[{"href":"https:\/\/vocesdebaires.com.ar\/index.php\/wp-json\/wp\/v2\/media?parent=19641"}],"wp:term":[{"taxonomy":"category","embeddable":true,"href":"https:\/\/vocesdebaires.com.ar\/index.php\/wp-json\/wp\/v2\/categories?post=19641"},{"taxonomy":"post_tag","embeddable":true,"href":"https:\/\/vocesdebaires.com.ar\/index.php\/wp-json\/wp\/v2\/tags?post=19641"}],"curies":[{"name":"wp","href":"https:\/\/api.w.org\/{rel}","templated":true}]}}