{"id":19644,"date":"2013-12-20T13:34:50","date_gmt":"2013-12-20T16:34:50","guid":{"rendered":"http:\/\/vocesdebaires.com.ar\/wordpress\/index.php\/2013\/12\/20\/legisladora-herrero-presento-proyecto-de-grupo-electrogeno-2\/"},"modified":"2013-12-20T13:34:50","modified_gmt":"2013-12-20T16:34:50","slug":"legisladora-herrero-presento-proyecto-de-grupo-electrogeno-2","status":"publish","type":"post","link":"https:\/\/vocesdebaires.com.ar\/index.php\/2013\/12\/20\/legisladora-herrero-presento-proyecto-de-grupo-electrogeno-2\/","title":{"rendered":"Legisladora Herrero: present\u00f3 proyect\u00f3 de grupo electr\u00f3geno"},"content":{"rendered":"<p>En momentos en que se multiplican las quejas de vecinos de la Ciudad y el Conurbano por las interrupciones en el suministro de luz y agua, la Diputada del Pro Mar\u00eda Raquel Herrero present\u00f3 un proyecto que modifica el c\u00f3digo de Edificaci\u00f3n de la Ciudad obligando la instalaci\u00f3n de Grupo Electr\u00f3geno. \u201cM\u00e1s all\u00e1 del excesivo uso que los ciudadanos pueden tener en verano con la electricidad o en invierno con el gas, la mayor responsabilidad se da en la falta de inversi\u00f3n desde hace a\u00f1os\u201d, afirm\u00f3 la Diputada Herrero.<br \/>\n El proyecto, en sus fundamentos explica que la capacidad m\u00ednima de una fuente propia de energ\u00eda tiene como finalidad asegurar el funcionamiento normal e ininterrumpido de un ascensor como m\u00ednimo para el caso que existiere m\u00e1s de uno, el funcionamiento de la bomba de agua y de la iluminaci\u00f3n del palier de cada piso del edificio. Adem\u00e1s, est\u00e1 claro que un corte de tensi\u00f3n del suministro el\u00e9ctrico disminuye la accesibilidad al medio f\u00edsico, deteriora la calidad de vida de los ciudadanos\/as y puede poner en peligro su integridad f\u00edsica y ps\u00edquica.<br \/>\n Adem\u00e1s, la Diputada del Pro asegur\u00f3: \u201cEs importante esta norma porque la calidad de vida alude al \u00a0bienestar en todas las facetas de las personas, atendiendo a la continuidad de condiciones que satisfagan sus necesidades de ambiente f\u00edsico y arquitect\u00f3nico, salud f\u00edsica y mental, educaci\u00f3n, recreaci\u00f3n y pertenencia o cohesi\u00f3n social\u201d.<br \/>\n Para finalizar, Raquel Herrero dijo: \u201cLa Pol\u00edtica energ\u00e9tica del Gobierno Nacional ha fracasado. Al punto tal que adem\u00e1s de no saber c\u00f3mo solucionar el problema, se dicen y se desdicen todo el tiempo. Si un pa\u00eds crece tiene que crecer en todos los aspectos y estar preparados para poder sostener ese crecimiento. Pretender hacernos creer que el pa\u00eds \u00a0ha crecido, con la inflaci\u00f3n en aumento, con demandas sociales permanentes, con un modelo econ\u00f3mico ineficiente, es realmente burlarse del pueblo que ya demostr\u00f3 su descontento en las urnas&quot;.<\/p>\n","protected":false},"excerpt":{"rendered":"<p>En momentos en que se multiplican las quejas de vecinos de la Ciudad y el Conurbano por las interrupciones en el suministro de luz y agua, la Diputada del Pro Mar\u00eda Raquel Herrero present\u00f3 un proyecto que modifica el c\u00f3digo de Edificaci\u00f3n de la Ciudad obligando la instalaci\u00f3n de Grupo Electr\u00f3geno. \u201cM\u00e1s all\u00e1 del excesivo [&hellip;]<\/p>\n","protected":false},"author":2,"featured_media":16547,"comment_status":"open","ping_status":"open","sticky":false,"template":"","format":"standard","meta":{"_et_pb_use_builder":"","_et_pb_old_content":"","_et_gb_content_width":"","footnotes":""},"categories":[11,44],"tags":[],"class_list":["post-19644","post","type-post","status-publish","format-standard","has-post-thumbnail","hentry","category-ciudad","category-funcionarios-de-la-caba"],"_links":{"self":[{"href":"https:\/\/vocesdebaires.com.ar\/index.php\/wp-json\/wp\/v2\/posts\/19644"}],"collection":[{"href":"https:\/\/vocesdebaires.com.ar\/index.php\/wp-json\/wp\/v2\/posts"}],"about":[{"href":"https:\/\/vocesdebaires.com.ar\/index.php\/wp-json\/wp\/v2\/types\/post"}],"author":[{"embeddable":true,"href":"https:\/\/vocesdebaires.com.ar\/index.php\/wp-json\/wp\/v2\/users\/2"}],"replies":[{"embeddable":true,"href":"https:\/\/vocesdebaires.com.ar\/index.php\/wp-json\/wp\/v2\/comments?post=19644"}],"version-history":[{"count":0,"href":"https:\/\/vocesdebaires.com.ar\/index.php\/wp-json\/wp\/v2\/posts\/19644\/revisions"}],"wp:featuredmedia":[{"embeddable":true,"href":"https:\/\/vocesdebaires.com.ar\/index.php\/wp-json\/wp\/v2\/media\/16547"}],"wp:attachment":[{"href":"https:\/\/vocesdebaires.com.ar\/index.php\/wp-json\/wp\/v2\/media?parent=19644"}],"wp:term":[{"taxonomy":"category","embeddable":true,"href":"https:\/\/vocesdebaires.com.ar\/index.php\/wp-json\/wp\/v2\/categories?post=19644"},{"taxonomy":"post_tag","embeddable":true,"href":"https:\/\/vocesdebaires.com.ar\/index.php\/wp-json\/wp\/v2\/tags?post=19644"}],"curies":[{"name":"wp","href":"https:\/\/api.w.org\/{rel}","templated":true}]}}