{"id":19684,"date":"2013-12-27T13:11:31","date_gmt":"2013-12-27T16:11:31","guid":{"rendered":"http:\/\/vocesdebaires.com.ar\/wordpress\/index.php\/2013\/12\/27\/se-lanzo-el-programa-vacaciones-en-la-escuela-2\/"},"modified":"2013-12-27T13:11:31","modified_gmt":"2013-12-27T16:11:31","slug":"se-lanzo-el-programa-vacaciones-en-la-escuela-2","status":"publish","type":"post","link":"https:\/\/vocesdebaires.com.ar\/index.php\/2013\/12\/27\/se-lanzo-el-programa-vacaciones-en-la-escuela-2\/","title":{"rendered":"Se lanz\u00f3 el programa Vacaciones en la Escuela"},"content":{"rendered":"<p>\u00a0<br \/>\n La vicejefe de Gobierno, Mar\u00eda Eugenia Vidal, puso en marcha el programa \u201cVacaciones en la Escuela\u201d durante un acto realizado en el establecimiento escolar que funciona en el Hospital de Ni\u00f1os Pedro de Elizalde, en el barrio de Barracas, que cont\u00f3 con la presencia del campe\u00f3n mundial de boxeo, Sergio \u201cMaravilla\u201d Mart\u00ednez. \u201cQueremos agradecer a Sergio por su solidaridad y por este gesto tan generoso y en su persona tambi\u00e9n testimoniar nuestro reconocimiento a tanta gente que a lo largo de todo el a\u00f1o se ha acercado a los hospitales p\u00fablicos acompa\u00f1ando a los pacientes\u201d, dijo Vidal. Tambi\u00e9n participaron del evento el jefe de Gabinete, Horacio Rodr\u00edguez Larreta; la ministra de Salud, Graciela Reybaud, y la subsecretaria de Equidad Educativa, Mar\u00eda Soledad Acu\u00f1a.<br \/>\n \u201cVacaciones en la Escuela\u201d es un programa que lleva adelante el Ministerio de Educaci\u00f3n porte\u00f1o y que mantiene abiertos los establecimientos escolares durante el mes de enero para que m\u00e1s de 15 mil ni\u00f1os y adolescentes puedan disfrutar en pleno verano de actividades deportivas, recreativas, art\u00edsticas y culturales. Rodr\u00edguez Larreta subray\u00f3 que \u201cesto se hace en 90 escuelas, de las cuales dos son hospitalarias, una de ellas, la que estamos visitando hoy\u201d. \u201cY, adem\u00e1s, tenemos las colonias de verano que organiza la Subsecretar\u00eda de Deportes, con lo cual m\u00e1s de 30 mil chicos tienen la posibilidad de disfrutar de buenos momentos durante el verano, con piletas, con deportes, con juegos y tambi\u00e9n con actividades educativas\u201d, agreg\u00f3 el jefe de Gabinete en declaraciones a la prensa. Con un disfraz de payaso y esp\u00edritu muy festivo \u201cMaravilla\u201d comparti\u00f3 juegos con los ni\u00f1os, salud\u00f3 a los m\u00e9dicos y al personal del establecimiento y manifest\u00f3 la satisfacci\u00f3n de \u201cpoder hacer un aporte que contribuya para que los chicos se sientan bien y tengan una sonrisa en estas fiestas\u201d.<br \/>\n\u00a0<br \/>\nFoto: Mariana Sapriza-gv\/GCBA &#8211; Tony Valdez\/GCBA.<br \/>\n\u00a0<\/p>\n","protected":false},"excerpt":{"rendered":"<p>\u00a0 La vicejefe de Gobierno, Mar\u00eda Eugenia Vidal, puso en marcha el programa \u201cVacaciones en la Escuela\u201d durante un acto realizado en el establecimiento escolar que funciona en el Hospital de Ni\u00f1os Pedro de Elizalde, en el barrio de Barracas, que cont\u00f3 con la presencia del campe\u00f3n mundial de boxeo, Sergio \u201cMaravilla\u201d Mart\u00ednez. \u201cQueremos agradecer [&hellip;]<\/p>\n","protected":false},"author":2,"featured_media":16626,"comment_status":"open","ping_status":"open","sticky":false,"template":"","format":"standard","meta":{"_et_pb_use_builder":"","_et_pb_old_content":"","_et_gb_content_width":"","footnotes":""},"categories":[11,44],"tags":[],"class_list":["post-19684","post","type-post","status-publish","format-standard","has-post-thumbnail","hentry","category-ciudad","category-funcionarios-de-la-caba"],"_links":{"self":[{"href":"https:\/\/vocesdebaires.com.ar\/index.php\/wp-json\/wp\/v2\/posts\/19684"}],"collection":[{"href":"https:\/\/vocesdebaires.com.ar\/index.php\/wp-json\/wp\/v2\/posts"}],"about":[{"href":"https:\/\/vocesdebaires.com.ar\/index.php\/wp-json\/wp\/v2\/types\/post"}],"author":[{"embeddable":true,"href":"https:\/\/vocesdebaires.com.ar\/index.php\/wp-json\/wp\/v2\/users\/2"}],"replies":[{"embeddable":true,"href":"https:\/\/vocesdebaires.com.ar\/index.php\/wp-json\/wp\/v2\/comments?post=19684"}],"version-history":[{"count":0,"href":"https:\/\/vocesdebaires.com.ar\/index.php\/wp-json\/wp\/v2\/posts\/19684\/revisions"}],"wp:featuredmedia":[{"embeddable":true,"href":"https:\/\/vocesdebaires.com.ar\/index.php\/wp-json\/wp\/v2\/media\/16626"}],"wp:attachment":[{"href":"https:\/\/vocesdebaires.com.ar\/index.php\/wp-json\/wp\/v2\/media?parent=19684"}],"wp:term":[{"taxonomy":"category","embeddable":true,"href":"https:\/\/vocesdebaires.com.ar\/index.php\/wp-json\/wp\/v2\/categories?post=19684"},{"taxonomy":"post_tag","embeddable":true,"href":"https:\/\/vocesdebaires.com.ar\/index.php\/wp-json\/wp\/v2\/tags?post=19684"}],"curies":[{"name":"wp","href":"https:\/\/api.w.org\/{rel}","templated":true}]}}