{"id":1982,"date":"2020-03-18T03:00:00","date_gmt":"2020-03-18T06:00:00","guid":{"rendered":"http:\/\/vocesdebaires.com.ar\/wordpress\/index.php\/2020\/03\/18\/ciudad-subte-prevencion-ante-el-coronavirus\/"},"modified":"2020-03-18T03:00:00","modified_gmt":"2020-03-18T06:00:00","slug":"ciudad-subte-prevencion-ante-el-coronavirus","status":"publish","type":"post","link":"https:\/\/vocesdebaires.com.ar\/index.php\/2020\/03\/18\/ciudad-subte-prevencion-ante-el-coronavirus\/","title":{"rendered":"Ciudad Subte: Prevenci\u00f3n ante el coronavirus"},"content":{"rendered":"<p>Ante la alerta mundial y tras la confirmaci\u00f3n de casos positivos en el pa\u00eds de coronavirus conformamos un comit\u00e9 Interdisciplinario para ejecutar un Plan Preventivo para que el subte sea un espacio m\u00e1s seguro para los pasajeros. As\u00ed, junto a Metrov\u00edas, impulsamos m\u00faltiples medidas: Dispensadores de alcohol en gel: se est\u00e1n colocando en todas las estaciones de la red de Subte y el Premetro para que los usuarios puedan higienizarse antes de subir y al bajar de las formaciones.<\/p>\n<p>Operativos de limpieza: se triplicaron los turnos diarios de limpieza en estaciones, instalaciones y accesos, se increment\u00f3 el uso de productos desinfectantes, se intensificaron las tareas nocturnas de limpieza y desinfecci\u00f3n en accesos, andenes, instalaciones, boleter\u00edas y coches. Adem\u00e1s, se comenz\u00f3 un intenso operativo de desinfecci\u00f3n sistem\u00e1tica de las formaciones en los talleres de mantenimiento. En este sentido, todas las noches se limpia el material rodante con productos desinfectantes. Informaci\u00f3n al Usuario: ya comenzamos a implementar a trav\u00e9s de todos los medios de informaci\u00f3n al usuario una campa\u00f1a de concientizaci\u00f3n sobre las caracter\u00edsticas de la enfermedad y las formas de prevenir el contagio.<\/p>\n","protected":false},"excerpt":{"rendered":"<p>Ante la alerta mundial y tras la confirmaci\u00f3n de casos positivos en el pa\u00eds de coronavirus conformamos un comit\u00e9 Interdisciplinario para ejecutar un Plan Preventivo para que el subte sea un espacio m\u00e1s seguro para los pasajeros. As\u00ed, junto a Metrov\u00edas, impulsamos m\u00faltiples medidas: Dispensadores de alcohol en gel: se est\u00e1n colocando en todas las [&hellip;]<\/p>\n","protected":false},"author":1,"featured_media":1983,"comment_status":"open","ping_status":"open","sticky":false,"template":"","format":"standard","meta":{"_et_pb_use_builder":"","_et_pb_old_content":"","_et_gb_content_width":"","footnotes":""},"categories":[11,32],"tags":[],"class_list":["post-1982","post","type-post","status-publish","format-standard","has-post-thumbnail","hentry","category-ciudad","category-comunas"],"_links":{"self":[{"href":"https:\/\/vocesdebaires.com.ar\/index.php\/wp-json\/wp\/v2\/posts\/1982"}],"collection":[{"href":"https:\/\/vocesdebaires.com.ar\/index.php\/wp-json\/wp\/v2\/posts"}],"about":[{"href":"https:\/\/vocesdebaires.com.ar\/index.php\/wp-json\/wp\/v2\/types\/post"}],"author":[{"embeddable":true,"href":"https:\/\/vocesdebaires.com.ar\/index.php\/wp-json\/wp\/v2\/users\/1"}],"replies":[{"embeddable":true,"href":"https:\/\/vocesdebaires.com.ar\/index.php\/wp-json\/wp\/v2\/comments?post=1982"}],"version-history":[{"count":0,"href":"https:\/\/vocesdebaires.com.ar\/index.php\/wp-json\/wp\/v2\/posts\/1982\/revisions"}],"wp:featuredmedia":[{"embeddable":true,"href":"https:\/\/vocesdebaires.com.ar\/index.php\/wp-json\/wp\/v2\/media\/1983"}],"wp:attachment":[{"href":"https:\/\/vocesdebaires.com.ar\/index.php\/wp-json\/wp\/v2\/media?parent=1982"}],"wp:term":[{"taxonomy":"category","embeddable":true,"href":"https:\/\/vocesdebaires.com.ar\/index.php\/wp-json\/wp\/v2\/categories?post=1982"},{"taxonomy":"post_tag","embeddable":true,"href":"https:\/\/vocesdebaires.com.ar\/index.php\/wp-json\/wp\/v2\/tags?post=1982"}],"curies":[{"name":"wp","href":"https:\/\/api.w.org\/{rel}","templated":true}]}}