{"id":1995,"date":"2020-03-17T03:00:00","date_gmt":"2020-03-17T06:00:00","guid":{"rendered":"http:\/\/vocesdebaires.com.ar\/wordpress\/index.php\/2020\/03\/17\/sedes-gubernamentales-protocolo-de-atencion\/"},"modified":"2020-03-17T03:00:00","modified_gmt":"2020-03-17T06:00:00","slug":"sedes-gubernamentales-protocolo-de-atencion","status":"publish","type":"post","link":"https:\/\/vocesdebaires.com.ar\/index.php\/2020\/03\/17\/sedes-gubernamentales-protocolo-de-atencion\/","title":{"rendered":"Sedes gubernamentales Protocolo de atenci\u00f3n"},"content":{"rendered":"<p>La secretar\u00eda de Atenci\u00f3n Ciudadana y Gesti\u00f3n comunal dict\u00f3 una resoluci\u00f3n estableciendo un protocolo de actuaci\u00f3n que evite la propagaci\u00f3n del coronavirus en todos los espacios y sedes gubernamentales que presten servicio de atenci\u00f3n al p\u00fablico.\u201cDesde la Ciudad estamos adoptando medidas para poder seguir ofreciendo una atenci\u00f3n de calidad a nuestros vecinos, pero asumiendo los recaudos necesarios que la situaci\u00f3n amerita, para el cuidado de todos\u201d, afirm\u00f3 el jefe del Gabinete porte\u00f1o, Felipe Miguel.<\/p>\n<p>Entre las medidas se dispuso que los vecinos deber\u00e1n informar previo al ingreso a la dependencia si provienen de alguno de los pa\u00edses designados por el gobierno nacional como pa\u00eds con circulaci\u00f3n social del virus. En caso de haber visitado alguno de esos pa\u00edses dentro de los 14 d\u00edas previos, no se permitir\u00e1 el ingreso a la dependencia, y se recomendar\u00e1 el contacto para asistencia a la l\u00ednea 107. Ser\u00e1 obligatorio para las personas el lavado de manos antes de ingresar a cualquier oficina p\u00fablica. En esos espacios se dispondr\u00e1 de alcohol en gel. Asimismo ser\u00e1 obligatorio guardar una distancia mayor a un metro en el trato con personal.<\/p>\n<p>\u201cEstamos haciendo todo el esfuerzo necesario para tomar las medidas de prevenci\u00f3n del coronavirus\u201d afirm\u00f3 Facundo Carrillo, secretario de Atenci\u00f3n Ciudadana y Gesti\u00f3n Comunal. En la lista de recomendaciones para los vecinos se incluyen, adem\u00e1s de las ya comunicadas por el ministerio de Salud de la Ciudad, no tener ning\u00fan tipo de contacto f\u00edsico, incluso al momento de saludar. En caso de toser o estornudar, hacerlo sobre el pliegue del codo, evitar tocarse la cara con las manos y, en caso de ser necesario, hacerlo con la parte superior de la mu\u00f1eca. Para los empleados de gobierno estar\u00e1 prohibido compartir alimentos, bebidas, cubiertos, platos, vasos, tel\u00e9fonos celulares u objetos personales. Los ambientes deber\u00e1n ser ventilados en forma permanente y se evitar\u00e1 la concentraci\u00f3n de personas.<\/p>\n<p>1.\u00a0Previo al ingreso a la dependencia, preguntar si proviene de alguno de los pa\u00edses designados por el gobierno nacional como pa\u00eds con circulaci\u00f3n social del virus. En caso de ser positivo y haber ingresado al pa\u00eds dentro de los 14 d\u00edas previos, prohibir el ingreso a la dependencia, y recomendar el contacto para asistencia a la l\u00ednea 107.<br \/>2.\u00a0Es obligatorio el lavado de manos con agua y jab\u00f3n o soluciones a base del alcohol como alcohol en gel al ingresar al establecimiento.<br \/>3.\u00a0Evitar todo tipo de contacto f\u00edsico, incluso al saludar.<br \/>4.\u00a0Dirigirse al personal de atenci\u00f3n a m\u00e1s de un metro de distancia.<br \/>5.\u00a0En caso de toser o estornudar, hacerlo sobre el pliegue del codo.<br \/>6.\u00a0Evitar tocarse la cara con las manos.<br \/>&#8212;&#8212;&#8212;&#8212;&#8212;&#8212;&#8212;&#8212;&#8212;&#8212;&#8212;&#8212;&#8212;&#8212;&#8212;&#8212;&#8212;&#8212;&#8211;\u00a0\u00a0 <br \/>1.\u00a0Lavarse las manos frecuentemente con agua y jab\u00f3n.<br \/>2.\u00a0Garantizar la limpieza y desinfecci\u00f3n del espacio y muebles de trabajo peri\u00f3dicamente.<br \/>3.\u00a0Evitar todo tipo de contacto f\u00edsico, incluso al saludar.<br \/>4.\u00a0Mantenerse a m\u00e1s de un metro de distancia de las personas.<br \/>5.\u00a0No compartir alimentos, bebidas, cubiertos, platos, vasos, tel\u00e9fonos celulares ni objetos personales.<br \/>6.\u00a0En caso de toser o estornudar, hacerlo sobre el pliegue del codo.<br \/>7.\u00a0Evitar tocarse la cara con las manos.<br \/>8.\u00a0Si dentro de los 14 d\u00edas previos visit\u00f3 alguno de los pa\u00edses declarados por la OMS como pa\u00eds circulaci\u00f3n social del virus, el\/la empleado\/a deber\u00e1 aislarse en su domicilio por el plazo de 14 d\u00edas desde su ingreso al pa\u00eds, de forma obligatoria, acorde con la Resoluci\u00f3n RESFC-2020-160-GCABA de los Ministerios de Hacienda y de Salud de la Ciudad de Buenos Aires.<br \/>9.\u00a0En caso de presentar s\u00edntomas (fiebre, tos, dolor de garganta, decaimiento general) llamar al 107 y no concurrir al lugar de trabajo. En caso de presentar s\u00edntomas y provenir o haber visitado alguno de los pa\u00edses mencionados, no asistir al lugar de trabajo durante 14 d\u00edas y solicitar asistencia m\u00e9dica. Informar inmediatamente a su superior directo.<br \/>10.\u00a0Mantener ventilados los espacios de trabajo.<\/p>\n","protected":false},"excerpt":{"rendered":"<p>La secretar\u00eda de Atenci\u00f3n Ciudadana y Gesti\u00f3n comunal dict\u00f3 una resoluci\u00f3n estableciendo un protocolo de actuaci\u00f3n que evite la propagaci\u00f3n del coronavirus en todos los espacios y sedes gubernamentales que presten servicio de atenci\u00f3n al p\u00fablico.\u201cDesde la Ciudad estamos adoptando medidas para poder seguir ofreciendo una atenci\u00f3n de calidad a nuestros vecinos, pero asumiendo los [&hellip;]<\/p>\n","protected":false},"author":1,"featured_media":1996,"comment_status":"open","ping_status":"open","sticky":false,"template":"","format":"standard","meta":{"_et_pb_use_builder":"","_et_pb_old_content":"","_et_gb_content_width":"","footnotes":""},"categories":[11,32],"tags":[],"class_list":["post-1995","post","type-post","status-publish","format-standard","has-post-thumbnail","hentry","category-ciudad","category-comunas"],"_links":{"self":[{"href":"https:\/\/vocesdebaires.com.ar\/index.php\/wp-json\/wp\/v2\/posts\/1995"}],"collection":[{"href":"https:\/\/vocesdebaires.com.ar\/index.php\/wp-json\/wp\/v2\/posts"}],"about":[{"href":"https:\/\/vocesdebaires.com.ar\/index.php\/wp-json\/wp\/v2\/types\/post"}],"author":[{"embeddable":true,"href":"https:\/\/vocesdebaires.com.ar\/index.php\/wp-json\/wp\/v2\/users\/1"}],"replies":[{"embeddable":true,"href":"https:\/\/vocesdebaires.com.ar\/index.php\/wp-json\/wp\/v2\/comments?post=1995"}],"version-history":[{"count":0,"href":"https:\/\/vocesdebaires.com.ar\/index.php\/wp-json\/wp\/v2\/posts\/1995\/revisions"}],"wp:featuredmedia":[{"embeddable":true,"href":"https:\/\/vocesdebaires.com.ar\/index.php\/wp-json\/wp\/v2\/media\/1996"}],"wp:attachment":[{"href":"https:\/\/vocesdebaires.com.ar\/index.php\/wp-json\/wp\/v2\/media?parent=1995"}],"wp:term":[{"taxonomy":"category","embeddable":true,"href":"https:\/\/vocesdebaires.com.ar\/index.php\/wp-json\/wp\/v2\/categories?post=1995"},{"taxonomy":"post_tag","embeddable":true,"href":"https:\/\/vocesdebaires.com.ar\/index.php\/wp-json\/wp\/v2\/tags?post=1995"}],"curies":[{"name":"wp","href":"https:\/\/api.w.org\/{rel}","templated":true}]}}