{"id":19999,"date":"2013-02-28T20:32:46","date_gmt":"2013-02-28T23:32:46","guid":{"rendered":"http:\/\/vocesdebaires.com.ar\/wordpress\/index.php\/2013\/02\/28\/primera-division-b-fecha-29-moron-brown-de-adrogue-2\/"},"modified":"2013-02-28T20:32:46","modified_gmt":"2013-02-28T23:32:46","slug":"primera-division-b-fecha-29-moron-brown-de-adrogue-2","status":"publish","type":"post","link":"https:\/\/vocesdebaires.com.ar\/index.php\/2013\/02\/28\/primera-division-b-fecha-29-moron-brown-de-adrogue-2\/","title":{"rendered":"Primera Divisi\u00f3n B, fecha 29- Mor\u00f3n-Brown de Adrogu\u00e9"},"content":{"rendered":"<p>&lt;p class=&quot;Bajada_n&quot; style=&quot;padding: 3px; margin: 0.35em 0px 0.8em; font-size: 1.2em; color: #60564a; font-family: Arial, Helvetica, sans-serif; background-color: #fcfcfc;&quot;&gt;La 29a. fecha de Primera Divisi\u00f3n se pondr\u00e1 en marcha, este viernes a las 20, con el enfrentamiento entre Deportivo Mor\u00f3n y Brown de Adrogu\u00e9. El s\u00e1bado, continuar\u00e1 jug\u00e1ndose con cuatro cotejos, dos el domingo, otros dos el lunes y terminar\u00e1, el martes, con Los Andes-Chacarita Juniors desde las 21.&lt;span style=&quot;font-size: 1.2em; line-height: 18px; text-decoration: underline;&quot;&gt;La 29a. fecha de Primera Divisi\u00f3n B tendr\u00e1 el siguiente cronograma de partidos:<br \/>\n&lt;p style=&quot;padding: 0px; margin: 0.35em 0px 0.8em; font-family: Arial, Helvetica, sans-serif; line-height: 18px; background-color: #fcfcfc;&quot;&gt;&lt;span style=&quot;text-decoration: underline;&quot;&gt;&lt;strong style=&quot;color: #000000;&quot;&gt;Viernes 1 de marzo&lt;\/strong&gt;20.00&#8211; Deportivo Mor\u00f3n-Brown (Adrogu\u00e9), \u00e1rbitro: Paulo Vigliano<br \/>\n&lt;p style=&quot;padding: 0px; margin: 0.35em 0px 0.8em; font-family: Arial, Helvetica, sans-serif; line-height: 18px; background-color: #fcfcfc;&quot;&gt;&lt;span style=&quot;text-decoration: underline;&quot;&gt;&lt;strong style=&quot;color: #000000;&quot;&gt;S\u00e1bado 2 de marzo&lt;\/strong&gt;17.00&#8211; Atlanta-Temperley, \u00e1rbitro: Mart\u00edn Gonaldi (TV)17.00&#8211; Comunicaciones-Colegiales, \u00e1rbitro: Mauro Biasutto17.00&#8211; Trist\u00e1n Su\u00e1rez-Flandria, \u00e1rbitro: Jos\u00e9 Carreras\u00a0 \u00a019.00&#8211; Estudiantes-Villa D\u00e1lmine, \u00e1rbitro: Julio Barraza \u00a0<br \/>\n&lt;p style=&quot;padding: 0px; margin: 0.35em 0px 0.8em; font-family: Arial, Helvetica, sans-serif; line-height: 18px; background-color: #fcfcfc;&quot;&gt;&lt;span style=&quot;text-decoration: underline;&quot;&gt;&lt;strong style=&quot;color: #000000;&quot;&gt;Domingo 3 de marzo&lt;\/strong&gt;17.00&#8211; Central C\u00f3rdoba-Villa San Carlos, \u00e1rbitro: Eduardo Gutierrez\u00a0 \u00a017.00&#8211; Acassuso-Barracas Central, \u00e1rbitro: Gonzalo L\u00f3pez Aldazabal\u00a0 (en Estudiantes)<br \/>\n&lt;p style=&quot;padding: 0px; margin: 0.35em 0px 0.8em; font-family: Arial, Helvetica, sans-serif; line-height: 18px; background-color: #fcfcfc;&quot;&gt;&lt;span style=&quot;text-decoration: underline;&quot;&gt;&lt;strong style=&quot;color: #000000;&quot;&gt;Lunes 4 de marzo&lt;\/strong&gt;17.00&#8211; San Telmo-Defensores de Belgrano, \u00e1rbitro: Gast\u00f3n Meineri\u00a0 \u00a021.00&#8211; Platense-Deportivo Armenio, \u00e1rbitro: Lucas Di Bastiano<br \/>\n&lt;p style=&quot;padding: 0px; margin: 0.35em 0px 0.8em; font-family: Arial, Helvetica, sans-serif; line-height: 18px; background-color: #fcfcfc;&quot;&gt;&lt;span style=&quot;text-decoration: underline;&quot;&gt;&lt;strong style=&quot;color: #000000;&quot;&gt;Martes 5 de marzo&lt;\/strong&gt;21.00&#8211; Los Andes-Chacarita Juniors, \u00e1rbitro: H\u00e9ctor Paletta\u00a0\u00a0 (TV)<br \/>\n\u00a0<\/p>\n","protected":false},"excerpt":{"rendered":"<p>&lt;p class=&quot;Bajada_n&quot; style=&quot;padding: 3px; margin: 0.35em 0px 0.8em; font-size: 1.2em; color: #60564a; font-family: Arial, Helvetica, sans-serif; background-color: #fcfcfc;&quot;&gt;La 29a. fecha de Primera Divisi\u00f3n se pondr\u00e1 en marcha, este viernes a las 20, con el enfrentamiento entre Deportivo Mor\u00f3n y Brown de Adrogu\u00e9. El s\u00e1bado, continuar\u00e1 jug\u00e1ndose con cuatro cotejos, dos el domingo, otros dos el [&hellip;]<\/p>\n","protected":false},"author":2,"featured_media":17209,"comment_status":"open","ping_status":"open","sticky":false,"template":"","format":"standard","meta":{"_et_pb_use_builder":"","_et_pb_old_content":"","_et_gb_content_width":"","footnotes":""},"categories":[53,14],"tags":[],"class_list":["post-19999","post","type-post","status-publish","format-standard","has-post-thumbnail","hentry","category-1o-b-metropolitana","category-deportes"],"_links":{"self":[{"href":"https:\/\/vocesdebaires.com.ar\/index.php\/wp-json\/wp\/v2\/posts\/19999"}],"collection":[{"href":"https:\/\/vocesdebaires.com.ar\/index.php\/wp-json\/wp\/v2\/posts"}],"about":[{"href":"https:\/\/vocesdebaires.com.ar\/index.php\/wp-json\/wp\/v2\/types\/post"}],"author":[{"embeddable":true,"href":"https:\/\/vocesdebaires.com.ar\/index.php\/wp-json\/wp\/v2\/users\/2"}],"replies":[{"embeddable":true,"href":"https:\/\/vocesdebaires.com.ar\/index.php\/wp-json\/wp\/v2\/comments?post=19999"}],"version-history":[{"count":0,"href":"https:\/\/vocesdebaires.com.ar\/index.php\/wp-json\/wp\/v2\/posts\/19999\/revisions"}],"wp:featuredmedia":[{"embeddable":true,"href":"https:\/\/vocesdebaires.com.ar\/index.php\/wp-json\/wp\/v2\/media\/17209"}],"wp:attachment":[{"href":"https:\/\/vocesdebaires.com.ar\/index.php\/wp-json\/wp\/v2\/media?parent=19999"}],"wp:term":[{"taxonomy":"category","embeddable":true,"href":"https:\/\/vocesdebaires.com.ar\/index.php\/wp-json\/wp\/v2\/categories?post=19999"},{"taxonomy":"post_tag","embeddable":true,"href":"https:\/\/vocesdebaires.com.ar\/index.php\/wp-json\/wp\/v2\/tags?post=19999"}],"curies":[{"name":"wp","href":"https:\/\/api.w.org\/{rel}","templated":true}]}}