{"id":20000,"date":"2013-02-28T20:39:44","date_gmt":"2013-02-28T23:39:44","guid":{"rendered":"http:\/\/vocesdebaires.com.ar\/wordpress\/index.php\/2013\/02\/28\/primera-b-nacional-fecha-23abriran-dep-merlo-huracan-2\/"},"modified":"2013-02-28T20:39:44","modified_gmt":"2013-02-28T23:39:44","slug":"primera-b-nacional-fecha-23abriran-dep-merlo-huracan-2","status":"publish","type":"post","link":"https:\/\/vocesdebaires.com.ar\/index.php\/2013\/02\/28\/primera-b-nacional-fecha-23abriran-dep-merlo-huracan-2\/","title":{"rendered":"Primera B Nacional, fecha 23,abrir\u00e1n Dep Merlo Hurac\u00e1n"},"content":{"rendered":"<p>&lt;p class=&quot;Bajada_n&quot; style=&quot;padding: 3px; margin: 0.35em 0px 0.8em; font-size: 1.2em; color: #60564a; font-family: Arial, Helvetica, sans-serif; background-color: #fcfcfc;&quot;&gt;Ma\u00f1ana, a partir de las 17, Deportivo Merlo recibir\u00e1 a Hurac\u00e1n en el comienzo de una nueva fecha de Primera B Nacional. La jornada, se completar\u00e1 con otros dos partidos. En tanto, el s\u00e1bado, se jugar\u00e1n cuatro partidos, uno el domingo y otros dos el lunes, en el cierre.&lt;span style=&quot;font-size: 1.2em; line-height: 18px; text-decoration: underline;&quot;&gt;La 23a. fecha de Primera B Nacional se desarrollar\u00e1 del siguiente modo:<br \/>\n&lt;p style=&quot;padding: 0px; margin: 0.35em 0px 0.8em; font-family: Arial, Helvetica, sans-serif; line-height: 18px; background-color: #fcfcfc;&quot;&gt;\u00a0<br \/>\n&lt;p style=&quot;padding: 0px; margin: 0.35em 0px 0.8em; font-family: Arial, Helvetica, sans-serif; line-height: 18px; background-color: #fcfcfc;&quot;&gt;&lt;span style=&quot;text-decoration: underline;&quot;&gt;&lt;strong style=&quot;color: #000000;&quot;&gt;Viernes 1 de marzo&lt;\/strong&gt;17.00&#8211; Deportivo Merlo-Hurac\u00e1n, \u00e1rbitro: Mariano Gonz\u00e1lez (en el Porvenir) (TV)21.00&#8211; Sarmiento-Boca Unidos, \u00e1rbitro: Yamil Possi21.30&#8211; Instituto de C\u00f3rdoba-Douglas Haig, \u00e1rbitro: Sa\u00fal Laverni<br \/>\n&lt;p style=&quot;padding: 0px; margin: 0.35em 0px 0.8em; font-family: Arial, Helvetica, sans-serif; line-height: 18px; background-color: #fcfcfc;&quot;&gt;&lt;span style=&quot;text-decoration: underline;&quot;&gt;&lt;strong style=&quot;color: #000000;&quot;&gt;S\u00e1bado 2 de marzo&lt;\/strong&gt;17.00&#8211; Aldosivi-Olimpo de Bah\u00eda Blanca, \u00e1rbitro: Ariel Su\u00e1rez (estadio de Mar del Plata) (TV)17.00&#8211; Gimnasia y Esgrima La Plata-Nueva Chicago, \u00e1rbitro: Jorge Bali\u00f1o\u00a0 (TV)19.10&#8211; Rosario Central-Banfield, \u00e1rbitro: Patricio Loustau\u00a0 (TV)20.00&#8211; Gimnasia y Esgrima de Jujuy-Atl\u00e9tico Tucum\u00e1n, \u00e1rbitro: Pablo D\u00edaz<br \/>\n&lt;p style=&quot;padding: 0px; margin: 0.35em 0px 0.8em; font-family: Arial, Helvetica, sans-serif; line-height: 18px; background-color: #fcfcfc;&quot;&gt;&lt;span style=&quot;text-decoration: underline;&quot;&gt;&lt;strong style=&quot;color: #000000;&quot;&gt;Domingo 3 de marzo&lt;\/strong&gt;17.00&#8211; Crucero del Norte-Almirante Brown, \u00e1rbitro: Dar\u00edo Herrera<br \/>\n&lt;p style=&quot;padding: 0px; margin: 0.35em 0px 0.8em; font-family: Arial, Helvetica, sans-serif; line-height: 18px; background-color: #fcfcfc;&quot;&gt;&lt;span style=&quot;text-decoration: underline;&quot;&gt;&lt;strong style=&quot;color: #000000;&quot;&gt;Lunes 4 de marzo &lt;\/strong&gt;  19.10&#8211; Ferro Carril Oeste-Independiente Rivadavia (Mza.), \u00e1rbitro: Nicol\u00e1s Lamolina (TV)20.00&#8211; Defensa y Justicia-Patronato de Paran\u00e1, \u00e1rbitro: Andr\u00e9s Merlos<br \/>\n\u00a0<\/p>\n","protected":false},"excerpt":{"rendered":"<p>&lt;p class=&quot;Bajada_n&quot; style=&quot;padding: 3px; margin: 0.35em 0px 0.8em; font-size: 1.2em; color: #60564a; font-family: Arial, Helvetica, sans-serif; background-color: #fcfcfc;&quot;&gt;Ma\u00f1ana, a partir de las 17, Deportivo Merlo recibir\u00e1 a Hurac\u00e1n en el comienzo de una nueva fecha de Primera B Nacional. La jornada, se completar\u00e1 con otros dos partidos. En tanto, el s\u00e1bado, se jugar\u00e1n cuatro partidos, [&hellip;]<\/p>\n","protected":false},"author":2,"featured_media":17211,"comment_status":"open","ping_status":"open","sticky":false,"template":"","format":"standard","meta":{"_et_pb_use_builder":"","_et_pb_old_content":"","_et_gb_content_width":"","footnotes":""},"categories":[47,14],"tags":[],"class_list":["post-20000","post","type-post","status-publish","format-standard","has-post-thumbnail","hentry","category-1o-division-b-nacional","category-deportes"],"_links":{"self":[{"href":"https:\/\/vocesdebaires.com.ar\/index.php\/wp-json\/wp\/v2\/posts\/20000"}],"collection":[{"href":"https:\/\/vocesdebaires.com.ar\/index.php\/wp-json\/wp\/v2\/posts"}],"about":[{"href":"https:\/\/vocesdebaires.com.ar\/index.php\/wp-json\/wp\/v2\/types\/post"}],"author":[{"embeddable":true,"href":"https:\/\/vocesdebaires.com.ar\/index.php\/wp-json\/wp\/v2\/users\/2"}],"replies":[{"embeddable":true,"href":"https:\/\/vocesdebaires.com.ar\/index.php\/wp-json\/wp\/v2\/comments?post=20000"}],"version-history":[{"count":0,"href":"https:\/\/vocesdebaires.com.ar\/index.php\/wp-json\/wp\/v2\/posts\/20000\/revisions"}],"wp:featuredmedia":[{"embeddable":true,"href":"https:\/\/vocesdebaires.com.ar\/index.php\/wp-json\/wp\/v2\/media\/17211"}],"wp:attachment":[{"href":"https:\/\/vocesdebaires.com.ar\/index.php\/wp-json\/wp\/v2\/media?parent=20000"}],"wp:term":[{"taxonomy":"category","embeddable":true,"href":"https:\/\/vocesdebaires.com.ar\/index.php\/wp-json\/wp\/v2\/categories?post=20000"},{"taxonomy":"post_tag","embeddable":true,"href":"https:\/\/vocesdebaires.com.ar\/index.php\/wp-json\/wp\/v2\/tags?post=20000"}],"curies":[{"name":"wp","href":"https:\/\/api.w.org\/{rel}","templated":true}]}}