{"id":2007,"date":"2020-03-16T03:00:00","date_gmt":"2020-03-16T06:00:00","guid":{"rendered":"http:\/\/vocesdebaires.com.ar\/wordpress\/index.php\/2020\/03\/16\/decreto-que-firmo-larreta-por-el-coronavirus\/"},"modified":"2020-03-16T03:00:00","modified_gmt":"2020-03-16T06:00:00","slug":"decreto-que-firmo-larreta-por-el-coronavirus","status":"publish","type":"post","link":"https:\/\/vocesdebaires.com.ar\/index.php\/2020\/03\/16\/decreto-que-firmo-larreta-por-el-coronavirus\/","title":{"rendered":"Decreto que firm\u00f3 Larreta por el coronavirus"},"content":{"rendered":"<p>El jefe de Gobierno porte\u00f1o, Horacio Rodr\u00edguez Larreta, firm\u00f3 el pasado jueves un decreto con medidas espec\u00edficas para prevenir y afrontar el coronavirus que regir\u00e1 por los pr\u00f3ximos 30 d\u00edas, aunque este plazo puede modificarse en funci\u00f3n de los resultados que se vayan obteniendo. En el decreto se establece la suspensi\u00f3n de actividades tur\u00edsticas y eventos masivos, considerando como tales a todos aquellos con una concurrencia superior a las 200 personas. Entre las actividades suspendidas se destacan:<\/p>\n<p>Recitales<br \/>Boliches bailables &#8211; locales Clase C<br \/>Congresos y conferencias internacionales<br \/>Museos p\u00fablicos y privados<br \/>Bus tur\u00edstico<br \/>Asistencia de p\u00fablico a eventos deportivos<br \/>Por otro lado, se impone un tope de 200 personas a:<\/p>\n<p>Congresos y conferencias nacionales<br \/>Espacios culturales<br \/>Casinos<br \/>Cines, teatros y templos, que deber\u00e1n reducir su ocupaci\u00f3n en un 50%<\/p>\n","protected":false},"excerpt":{"rendered":"<p>El jefe de Gobierno porte\u00f1o, Horacio Rodr\u00edguez Larreta, firm\u00f3 el pasado jueves un decreto con medidas espec\u00edficas para prevenir y afrontar el coronavirus que regir\u00e1 por los pr\u00f3ximos 30 d\u00edas, aunque este plazo puede modificarse en funci\u00f3n de los resultados que se vayan obteniendo. En el decreto se establece la suspensi\u00f3n de actividades tur\u00edsticas y [&hellip;]<\/p>\n","protected":false},"author":1,"featured_media":2008,"comment_status":"open","ping_status":"open","sticky":false,"template":"","format":"standard","meta":{"_et_pb_use_builder":"","_et_pb_old_content":"","_et_gb_content_width":"","footnotes":""},"categories":[11,33],"tags":[],"class_list":["post-2007","post","type-post","status-publish","format-standard","has-post-thumbnail","hentry","category-ciudad","category-sociedad-y-cultura-2"],"_links":{"self":[{"href":"https:\/\/vocesdebaires.com.ar\/index.php\/wp-json\/wp\/v2\/posts\/2007"}],"collection":[{"href":"https:\/\/vocesdebaires.com.ar\/index.php\/wp-json\/wp\/v2\/posts"}],"about":[{"href":"https:\/\/vocesdebaires.com.ar\/index.php\/wp-json\/wp\/v2\/types\/post"}],"author":[{"embeddable":true,"href":"https:\/\/vocesdebaires.com.ar\/index.php\/wp-json\/wp\/v2\/users\/1"}],"replies":[{"embeddable":true,"href":"https:\/\/vocesdebaires.com.ar\/index.php\/wp-json\/wp\/v2\/comments?post=2007"}],"version-history":[{"count":0,"href":"https:\/\/vocesdebaires.com.ar\/index.php\/wp-json\/wp\/v2\/posts\/2007\/revisions"}],"wp:featuredmedia":[{"embeddable":true,"href":"https:\/\/vocesdebaires.com.ar\/index.php\/wp-json\/wp\/v2\/media\/2008"}],"wp:attachment":[{"href":"https:\/\/vocesdebaires.com.ar\/index.php\/wp-json\/wp\/v2\/media?parent=2007"}],"wp:term":[{"taxonomy":"category","embeddable":true,"href":"https:\/\/vocesdebaires.com.ar\/index.php\/wp-json\/wp\/v2\/categories?post=2007"},{"taxonomy":"post_tag","embeddable":true,"href":"https:\/\/vocesdebaires.com.ar\/index.php\/wp-json\/wp\/v2\/tags?post=2007"}],"curies":[{"name":"wp","href":"https:\/\/api.w.org\/{rel}","templated":true}]}}