{"id":2013,"date":"2020-03-16T03:00:00","date_gmt":"2020-03-16T06:00:00","guid":{"rendered":"http:\/\/vocesdebaires.com.ar\/wordpress\/index.php\/2020\/03\/16\/adhesion-dia-de-la-seguridad-peatonal\/"},"modified":"2020-03-16T03:00:00","modified_gmt":"2020-03-16T06:00:00","slug":"adhesion-dia-de-la-seguridad-peatonal","status":"publish","type":"post","link":"https:\/\/vocesdebaires.com.ar\/index.php\/2020\/03\/16\/adhesion-dia-de-la-seguridad-peatonal\/","title":{"rendered":"Adhesi\u00f3n: D\u00eda de la Seguridad Peatonal"},"content":{"rendered":"<p>El Cuerpo Parlamentario conmemor\u00f3 el \u00abD\u00eda Nacional de la Seguridad Peatonal\u00bb, que se celebra el 19 de marzo de cada a\u00f1o, y adhiri\u00f3 a las actividades de concientizaci\u00f3n y educaci\u00f3n vial que se realicen en dicha fecha.Con el objetivo de promover por parte de los conductores el respeto de los derechos de los peatones a circular con seguridad por la v\u00eda p\u00fablica, es que desde el a\u00f1o 2011 se conmemora el D\u00eda Nacional de la Seguridad Peatonal. Son los usuarios m\u00e1s vulnerables del sistema de tr\u00e1nsito y es responsabilidad de todos el respeto de las normas y el cuidado de sus vidas. La legisladora Cristina Garc\u00eda propuso la iniciativa acompa\u00f1ada de sus pares Daniel Del Sol, Agust\u00edn Forchieri y Diego Garc\u00eda Vilas (VJ).<\/p>\n","protected":false},"excerpt":{"rendered":"<p>El Cuerpo Parlamentario conmemor\u00f3 el \u00abD\u00eda Nacional de la Seguridad Peatonal\u00bb, que se celebra el 19 de marzo de cada a\u00f1o, y adhiri\u00f3 a las actividades de concientizaci\u00f3n y educaci\u00f3n vial que se realicen en dicha fecha.Con el objetivo de promover por parte de los conductores el respeto de los derechos de los peatones a [&hellip;]<\/p>\n","protected":false},"author":1,"featured_media":2014,"comment_status":"open","ping_status":"open","sticky":false,"template":"","format":"standard","meta":{"_et_pb_use_builder":"","_et_pb_old_content":"","_et_gb_content_width":"","footnotes":""},"categories":[11,33],"tags":[],"class_list":["post-2013","post","type-post","status-publish","format-standard","has-post-thumbnail","hentry","category-ciudad","category-sociedad-y-cultura-2"],"_links":{"self":[{"href":"https:\/\/vocesdebaires.com.ar\/index.php\/wp-json\/wp\/v2\/posts\/2013"}],"collection":[{"href":"https:\/\/vocesdebaires.com.ar\/index.php\/wp-json\/wp\/v2\/posts"}],"about":[{"href":"https:\/\/vocesdebaires.com.ar\/index.php\/wp-json\/wp\/v2\/types\/post"}],"author":[{"embeddable":true,"href":"https:\/\/vocesdebaires.com.ar\/index.php\/wp-json\/wp\/v2\/users\/1"}],"replies":[{"embeddable":true,"href":"https:\/\/vocesdebaires.com.ar\/index.php\/wp-json\/wp\/v2\/comments?post=2013"}],"version-history":[{"count":0,"href":"https:\/\/vocesdebaires.com.ar\/index.php\/wp-json\/wp\/v2\/posts\/2013\/revisions"}],"wp:featuredmedia":[{"embeddable":true,"href":"https:\/\/vocesdebaires.com.ar\/index.php\/wp-json\/wp\/v2\/media\/2014"}],"wp:attachment":[{"href":"https:\/\/vocesdebaires.com.ar\/index.php\/wp-json\/wp\/v2\/media?parent=2013"}],"wp:term":[{"taxonomy":"category","embeddable":true,"href":"https:\/\/vocesdebaires.com.ar\/index.php\/wp-json\/wp\/v2\/categories?post=2013"},{"taxonomy":"post_tag","embeddable":true,"href":"https:\/\/vocesdebaires.com.ar\/index.php\/wp-json\/wp\/v2\/tags?post=2013"}],"curies":[{"name":"wp","href":"https:\/\/api.w.org\/{rel}","templated":true}]}}