{"id":20169,"date":"2013-08-02T19:47:28","date_gmt":"2013-08-02T22:47:28","guid":{"rendered":"http:\/\/vocesdebaires.com.ar\/wordpress\/index.php\/2013\/08\/02\/primera-b-nacional-2\/"},"modified":"2013-08-02T19:47:28","modified_gmt":"2013-08-02T22:47:28","slug":"primera-b-nacional-2","status":"publish","type":"post","link":"https:\/\/vocesdebaires.com.ar\/index.php\/2013\/08\/02\/primera-b-nacional-2\/","title":{"rendered":"Primera B Nacional"},"content":{"rendered":"<p>\u00a0<br \/>\nTalleres de C\u00f3rdoba-Sarmiento de Jun\u00edn abrir\u00e1n el Torneo de la Primera B Nacional, ma\u00f1ana a las 14.30. En la misma jornada, jugar\u00e1n Ferro-Boca Unidos a las 15.30 e Independiente-Brown (A) a las 16.10. La fecha continuar\u00e1 con seis partidos el domingo y otros dos el lunes.<br \/>\n A continuaci\u00f3n, la programaci\u00f3n completa de la 1\u00b0 fecha de la Primera B Nacional:<br \/>\n S\u00e1bado 3 de agosto<br \/>\n14.30&#8211; Talleres-Sarmiento, \u00e1rbitro: \u00a0Fernando Echenique (en estadio Mario A. Kempes) (TV)<br \/>\n15.30&#8211; Ferro Carril Oeste-Boca Unidos, \u00e1rbitro: Ariel Penel<br \/>\n16.10&#8211; Independiente-Brown de Adrogu\u00e9, \u00e1rbitro: Carlos Maglio (TV)<br \/>\n Domingo 4 de agosto<br \/>\n14.00&#8211; Uni\u00f3n-Villa San Carlos, \u00e1rbitro: Gast\u00f3n Su\u00e1rez (TV)<br \/>\n15.30&#8211; Def. y Justicia-Patronato (E.R.), \u00e1rbitro: Mariano Gonz\u00e1lez<br \/>\n16.00&#8211; Douglas Haig-Instituto, \u00e1rbitro: Ariel Montero<br \/>\n16.00&#8211; San Mart\u00edn de San Juan-Aldosivi, \u00e1rbitro: Jorge Bali\u00f1o<br \/>\n16.00&#8211; Sp. Belgrano-Independiente Rivadavia, \u00e1rbitro: Andr\u00e9s Merlos<br \/>\n17.00&#8211; Gimnasia y Esgrima de Jujuy-At. Tucum\u00e1n, \u00e1rbitro: H\u00e9ctor Paletta<br \/>\n Lunes 5 de agosto<br \/>\n17.00&#8211; Alte. Brown-Banfield, \u00e1rbitro: Patricio Loustau (TV)<br \/>\n19.15&#8211; Crucero del Norte-Hurac\u00e1n, \u00e1rbitro: Silvio Trucco (TV)<\/p>\n","protected":false},"excerpt":{"rendered":"<p>\u00a0 Talleres de C\u00f3rdoba-Sarmiento de Jun\u00edn abrir\u00e1n el Torneo de la Primera B Nacional, ma\u00f1ana a las 14.30. En la misma jornada, jugar\u00e1n Ferro-Boca Unidos a las 15.30 e Independiente-Brown (A) a las 16.10. La fecha continuar\u00e1 con seis partidos el domingo y otros dos el lunes. A continuaci\u00f3n, la programaci\u00f3n completa de la 1\u00b0 [&hellip;]<\/p>\n","protected":false},"author":2,"featured_media":17539,"comment_status":"open","ping_status":"open","sticky":false,"template":"","format":"standard","meta":{"_et_pb_use_builder":"","_et_pb_old_content":"","_et_gb_content_width":"","footnotes":""},"categories":[47,14],"tags":[],"class_list":["post-20169","post","type-post","status-publish","format-standard","has-post-thumbnail","hentry","category-1o-division-b-nacional","category-deportes"],"_links":{"self":[{"href":"https:\/\/vocesdebaires.com.ar\/index.php\/wp-json\/wp\/v2\/posts\/20169"}],"collection":[{"href":"https:\/\/vocesdebaires.com.ar\/index.php\/wp-json\/wp\/v2\/posts"}],"about":[{"href":"https:\/\/vocesdebaires.com.ar\/index.php\/wp-json\/wp\/v2\/types\/post"}],"author":[{"embeddable":true,"href":"https:\/\/vocesdebaires.com.ar\/index.php\/wp-json\/wp\/v2\/users\/2"}],"replies":[{"embeddable":true,"href":"https:\/\/vocesdebaires.com.ar\/index.php\/wp-json\/wp\/v2\/comments?post=20169"}],"version-history":[{"count":0,"href":"https:\/\/vocesdebaires.com.ar\/index.php\/wp-json\/wp\/v2\/posts\/20169\/revisions"}],"wp:featuredmedia":[{"embeddable":true,"href":"https:\/\/vocesdebaires.com.ar\/index.php\/wp-json\/wp\/v2\/media\/17539"}],"wp:attachment":[{"href":"https:\/\/vocesdebaires.com.ar\/index.php\/wp-json\/wp\/v2\/media?parent=20169"}],"wp:term":[{"taxonomy":"category","embeddable":true,"href":"https:\/\/vocesdebaires.com.ar\/index.php\/wp-json\/wp\/v2\/categories?post=20169"},{"taxonomy":"post_tag","embeddable":true,"href":"https:\/\/vocesdebaires.com.ar\/index.php\/wp-json\/wp\/v2\/tags?post=20169"}],"curies":[{"name":"wp","href":"https:\/\/api.w.org\/{rel}","templated":true}]}}