{"id":2019,"date":"2020-03-16T03:00:00","date_gmt":"2020-03-16T06:00:00","guid":{"rendered":"http:\/\/vocesdebaires.com.ar\/wordpress\/index.php\/2020\/03\/16\/creacion-del-sistema-de-puntos-verdes\/"},"modified":"2020-03-16T03:00:00","modified_gmt":"2020-03-16T06:00:00","slug":"creacion-del-sistema-de-puntos-verdes","status":"publish","type":"post","link":"https:\/\/vocesdebaires.com.ar\/index.php\/2020\/03\/16\/creacion-del-sistema-de-puntos-verdes\/","title":{"rendered":"Creaci\u00f3n del \u201cSistema de Puntos Verdes\u201d"},"content":{"rendered":"<p>La diputada Luc\u00eda Romano (CCARI-Vamos Juntos) present\u00f3 un proyecto para la creaci\u00f3n del \u201cSistema de Puntos Verdes\u201d que llevar\u00e1 el nombre \u00abRecicl\u00e1 y Gan\u00e1\u00bb. El programa busca premiar a los ciudadanos que aporten residuos reciclables como un incentivo por su conducta. El sistema se basar\u00e1 en un sistema de puntos y beneficios a canjear a trav\u00e9s de las organizaciones y empresas que se sumen a la iniciativa.Uno de los principales problemas medioambientales es la contaminaci\u00f3n producida por los residuos, los datos en esta \u00e1rea son realmente alarmantes. Por tal motivo, la Ciudad viene implementando planes como la instalaci\u00f3n de campanas y puntos verdes o la recolecci\u00f3n puerta a puerta por Cooperativas de Recuperadores Urbanos, entre otros.<\/p>\n<p>La legisladora Romano destac\u00f3 que \u00abcon este proyecto se pretende seguir incrementando el compromiso de los ciudadanos promoviendo acciones de cuidado, preservaci\u00f3n y conciencia responsable ya que en algunas situaciones hay factores que producen una desincentivaci\u00f3n del reciclado\u00bb y continu\u00f3 \u00abla ciudad siempre fue pionera\u00a0 en cuestiones de medio ambiente y esta norma viene a profundizar ese camino iniciado, tratando de alcanzar a aquellos sujetos que por alg\u00fan motivo a\u00fan no est\u00e1n comprometidos con el reciclado\u00bb . El reciclaje es uno de los factores caracter\u00edsticos de los pa\u00edses desarrollados o en v\u00edas de desarrollo que entienden que el fomento de una \u201ceconom\u00eda verde\u00bb resulta ser un indicador de crecimiento y que promueve la concientizaci\u00f3n por el entorno y el desarrollo sustentable\u00bb.<\/p>\n<p>El plan de desarrollo que se sugiere consiste en incluir el \u00edtem desplegable \u00abRecicl\u00e1 y Gan\u00e1\u00bb a la plataforma de la aplicaci\u00f3n BA 147 para que los ciudadanos que posean residuos reciclables puedan informarlo y gestionar que personal capacitado pueda retirar los mismos por su domicilio. Una vez que la persona llega a la totalidad de puntos requeridos, considerando la cantidad de kilos de reciclables que aport\u00f3, se enviar\u00e1 un mensaje de texto con un c\u00f3digo QR para el canje de los puntos. Los beneficios podr\u00e1n ser bonificaciones de pases en la tarjeta SUBE o descuentos en establecimientos.<\/p>\n","protected":false},"excerpt":{"rendered":"<p>La diputada Luc\u00eda Romano (CCARI-Vamos Juntos) present\u00f3 un proyecto para la creaci\u00f3n del \u201cSistema de Puntos Verdes\u201d que llevar\u00e1 el nombre \u00abRecicl\u00e1 y Gan\u00e1\u00bb. El programa busca premiar a los ciudadanos que aporten residuos reciclables como un incentivo por su conducta. El sistema se basar\u00e1 en un sistema de puntos y beneficios a canjear a [&hellip;]<\/p>\n","protected":false},"author":1,"featured_media":2020,"comment_status":"open","ping_status":"open","sticky":false,"template":"","format":"standard","meta":{"_et_pb_use_builder":"","_et_pb_old_content":"","_et_gb_content_width":"","footnotes":""},"categories":[12,34],"tags":[],"class_list":["post-2019","post","type-post","status-publish","format-standard","has-post-thumbnail","hentry","category-nacion","category-politica"],"_links":{"self":[{"href":"https:\/\/vocesdebaires.com.ar\/index.php\/wp-json\/wp\/v2\/posts\/2019"}],"collection":[{"href":"https:\/\/vocesdebaires.com.ar\/index.php\/wp-json\/wp\/v2\/posts"}],"about":[{"href":"https:\/\/vocesdebaires.com.ar\/index.php\/wp-json\/wp\/v2\/types\/post"}],"author":[{"embeddable":true,"href":"https:\/\/vocesdebaires.com.ar\/index.php\/wp-json\/wp\/v2\/users\/1"}],"replies":[{"embeddable":true,"href":"https:\/\/vocesdebaires.com.ar\/index.php\/wp-json\/wp\/v2\/comments?post=2019"}],"version-history":[{"count":0,"href":"https:\/\/vocesdebaires.com.ar\/index.php\/wp-json\/wp\/v2\/posts\/2019\/revisions"}],"wp:featuredmedia":[{"embeddable":true,"href":"https:\/\/vocesdebaires.com.ar\/index.php\/wp-json\/wp\/v2\/media\/2020"}],"wp:attachment":[{"href":"https:\/\/vocesdebaires.com.ar\/index.php\/wp-json\/wp\/v2\/media?parent=2019"}],"wp:term":[{"taxonomy":"category","embeddable":true,"href":"https:\/\/vocesdebaires.com.ar\/index.php\/wp-json\/wp\/v2\/categories?post=2019"},{"taxonomy":"post_tag","embeddable":true,"href":"https:\/\/vocesdebaires.com.ar\/index.php\/wp-json\/wp\/v2\/tags?post=2019"}],"curies":[{"name":"wp","href":"https:\/\/api.w.org\/{rel}","templated":true}]}}