{"id":2021,"date":"2020-03-16T03:00:00","date_gmt":"2020-03-16T06:00:00","guid":{"rendered":"http:\/\/vocesdebaires.com.ar\/wordpress\/index.php\/2020\/03\/16\/jubilaciones-especialesla-ley-permite-avanzar\/"},"modified":"2020-03-16T03:00:00","modified_gmt":"2020-03-16T06:00:00","slug":"jubilaciones-especialesla-ley-permite-avanzar","status":"publish","type":"post","link":"https:\/\/vocesdebaires.com.ar\/index.php\/2020\/03\/16\/jubilaciones-especialesla-ley-permite-avanzar\/","title":{"rendered":"Jubilaciones especiales:La \u00abley permite avanzar\u00bb"},"content":{"rendered":"<p>El senador del Frente de Todos, Mariano Recalde, acompa\u00f1\u00f3 la iniciativa que modifica la ley de jubilaciones especiales para los miembros del Servicio Exterior y los magistrados y funcionarios del Poder Judicial y consider\u00f3: \u201cSin duda es una norma perfectible, pero nos permite avanzar hacia un pa\u00eds m\u00e1s justo y equitativo; es progresiva porque no es abrupta, respeta derechos adquiridos, presenta un plan paulatino y comprende las cuestiones hist\u00f3ricas y los intereses en juego\u201d.<\/p>\n<p>Durante la sesi\u00f3n en el Senado de la Naci\u00f3n, Recalde record\u00f3 que es la tercera vez que se discute este r\u00e9gimen de jubilaciones especiales y detall\u00f3 en el recinto los intentos anteriores por modificarlo y los fracasos que hubo. Sostuvo que \u201cestamos intentando hacer un poco m\u00e1s progresiva una norma que contiene beneficios especiales para un sector fundamentalmente beneficiado por sus salarios y por sus condiciones. Proponemos avanzar sobre un beneficio que tiene que redistribuirse, sobre todo teniendo en cuenta el contexto\u201d.<\/p>\n<p>Continu\u00f3: \u201cNo es lo mismo esta ley en un contexto de expansi\u00f3n y crecimiento, que frente a la realidad que vivimos los argentinos y las argentinas. Con un pa\u00eds quebrado, endeudado, con la pobreza creciendo, con alto desempleo y la capacidad instalada de la industria en sus peores momentos, evidentemente se hace mucho m\u00e1s dif\u00edcil pensar la ampliaci\u00f3n de derechos sin una redistribuci\u00f3n de los recursos\u201d.<\/p>\n<p>En este sentido, destac\u00f3 la importancia del contexto en que se est\u00e1 tratando la norma: \u201cFrente a una situaci\u00f3n econ\u00f3mica del sistema, para ampliar derechos tenemos que partir de la redistribuci\u00f3n. En esta nueva etapa de la Argentina, ya no se le exige sacrificios a los que menos tienen sino a los que gozan de beneficios y privilegios\u00bb. Concluy\u00f3: \u201cEsta ley se da en el contexto econ\u00f3mico de una crisis brutal y en un contexto de ampliaci\u00f3n de derechos. Hay una clara voluntad pol\u00edtica del Gobierno Nacional por seguir ampli\u00e1ndolos. A 90 d\u00edas de asumir, se tomaron una bater\u00eda de medidas que buscan atender las necesidades de los que m\u00e1s relegados han quedado en estos cuatro a\u00f1os de gobierno\u201d.<\/p>\n","protected":false},"excerpt":{"rendered":"<p>El senador del Frente de Todos, Mariano Recalde, acompa\u00f1\u00f3 la iniciativa que modifica la ley de jubilaciones especiales para los miembros del Servicio Exterior y los magistrados y funcionarios del Poder Judicial y consider\u00f3: \u201cSin duda es una norma perfectible, pero nos permite avanzar hacia un pa\u00eds m\u00e1s justo y equitativo; es progresiva porque no [&hellip;]<\/p>\n","protected":false},"author":1,"featured_media":2022,"comment_status":"open","ping_status":"open","sticky":false,"template":"","format":"standard","meta":{"_et_pb_use_builder":"","_et_pb_old_content":"","_et_gb_content_width":"","footnotes":""},"categories":[12,34],"tags":[],"class_list":["post-2021","post","type-post","status-publish","format-standard","has-post-thumbnail","hentry","category-nacion","category-politica"],"_links":{"self":[{"href":"https:\/\/vocesdebaires.com.ar\/index.php\/wp-json\/wp\/v2\/posts\/2021"}],"collection":[{"href":"https:\/\/vocesdebaires.com.ar\/index.php\/wp-json\/wp\/v2\/posts"}],"about":[{"href":"https:\/\/vocesdebaires.com.ar\/index.php\/wp-json\/wp\/v2\/types\/post"}],"author":[{"embeddable":true,"href":"https:\/\/vocesdebaires.com.ar\/index.php\/wp-json\/wp\/v2\/users\/1"}],"replies":[{"embeddable":true,"href":"https:\/\/vocesdebaires.com.ar\/index.php\/wp-json\/wp\/v2\/comments?post=2021"}],"version-history":[{"count":0,"href":"https:\/\/vocesdebaires.com.ar\/index.php\/wp-json\/wp\/v2\/posts\/2021\/revisions"}],"wp:featuredmedia":[{"embeddable":true,"href":"https:\/\/vocesdebaires.com.ar\/index.php\/wp-json\/wp\/v2\/media\/2022"}],"wp:attachment":[{"href":"https:\/\/vocesdebaires.com.ar\/index.php\/wp-json\/wp\/v2\/media?parent=2021"}],"wp:term":[{"taxonomy":"category","embeddable":true,"href":"https:\/\/vocesdebaires.com.ar\/index.php\/wp-json\/wp\/v2\/categories?post=2021"},{"taxonomy":"post_tag","embeddable":true,"href":"https:\/\/vocesdebaires.com.ar\/index.php\/wp-json\/wp\/v2\/tags?post=2021"}],"curies":[{"name":"wp","href":"https:\/\/api.w.org\/{rel}","templated":true}]}}