{"id":20257,"date":"2013-06-17T14:57:49","date_gmt":"2013-06-17T17:57:49","guid":{"rendered":"http:\/\/vocesdebaires.com.ar\/wordpress\/index.php\/2013\/06\/17\/adios-a-froilan-gonzalez-2\/"},"modified":"2013-06-17T14:57:49","modified_gmt":"2013-06-17T17:57:49","slug":"adios-a-froilan-gonzalez-2","status":"publish","type":"post","link":"https:\/\/vocesdebaires.com.ar\/index.php\/2013\/06\/17\/adios-a-froilan-gonzalez-2\/","title":{"rendered":"Adi\u00f3s a Froil\u00e1n Gonz\u00e1lez"},"content":{"rendered":"<p>\u00a0<br \/>\nJos\u00e9 Froil\u00e1n Gonz\u00e1lez, gloria del automovilismo argentino que muri\u00f3 el s\u00e1bado a los 90 a\u00f1os, fue homenajeado ayer por el presidente de Ferrari, Luca Cordero di Montezemolo. \u201cAmaba entra\u00f1ablemente Ferrari y es, desde 1951, parte de nuestra historia grande. Hemos perdido a un verdadero amigo\u201d, declar\u00f3 el directivo durante un encuentro que mantuvo con t\u00e9cnicos y empleados de la escuder\u00eda de F\u00f3rmula 1 en Maranello.<br \/>\n En declaraciones recogidas por la agencia Ansa, Di Montezemolo subray\u00f3 que la noticia de la muerte del gran Pepe \u201clo entristeci\u00f3 enormemente\u201d y record\u00f3 una charla telef\u00f3nica que mantuvo con el piloto tiempo atr\u00e1s. \u201cNaturalmente hablamos de autos y carreras, que eran su tema preferido. Y como siempre se termin\u00f3 con alguna referencia a aquel glorioso 14 de julio de 1951 en Silverstone\u201d, revel\u00f3. En esa fecha, con una Ferrari 375F1, el corredor argentino gan\u00f3 el Gran Premio de Inglaterra, siendo la primera victoria de Ferrari en la historia de la m\u00e1xima categor\u00eda del automovilismo. \u201cSiempre permaneci\u00f3 muy unido a Ferrari durante estos a\u00f1os y como piloto jug\u00f3 un papel crucial en nuestra historia\u201d, concluy\u00f3. El \u00faltimo encuentro de Froil\u00e1n con Ferrari ocurri\u00f3 en 2011, cuando el espa\u00f1ol Fernando Alonso gir\u00f3 en Silverstone con el modelo 375F1, antes de ganar esa edici\u00f3n del Gran Premio. En tanto, los restos del piloto fueron velados en el Memorial de Pilar y luego fueron trasladados a Arrecifes para ser ubicado hoy en el pante\u00f3n familiar.<\/p>\n","protected":false},"excerpt":{"rendered":"<p>\u00a0 Jos\u00e9 Froil\u00e1n Gonz\u00e1lez, gloria del automovilismo argentino que muri\u00f3 el s\u00e1bado a los 90 a\u00f1os, fue homenajeado ayer por el presidente de Ferrari, Luca Cordero di Montezemolo. \u201cAmaba entra\u00f1ablemente Ferrari y es, desde 1951, parte de nuestra historia grande. Hemos perdido a un verdadero amigo\u201d, declar\u00f3 el directivo durante un encuentro que mantuvo con [&hellip;]<\/p>\n","protected":false},"author":2,"featured_media":17706,"comment_status":"open","ping_status":"open","sticky":false,"template":"","format":"standard","meta":{"_et_pb_use_builder":"","_et_pb_old_content":"","_et_gb_content_width":"","footnotes":""},"categories":[14,46],"tags":[],"class_list":["post-20257","post","type-post","status-publish","format-standard","has-post-thumbnail","hentry","category-deportes","category-polideportiva"],"_links":{"self":[{"href":"https:\/\/vocesdebaires.com.ar\/index.php\/wp-json\/wp\/v2\/posts\/20257"}],"collection":[{"href":"https:\/\/vocesdebaires.com.ar\/index.php\/wp-json\/wp\/v2\/posts"}],"about":[{"href":"https:\/\/vocesdebaires.com.ar\/index.php\/wp-json\/wp\/v2\/types\/post"}],"author":[{"embeddable":true,"href":"https:\/\/vocesdebaires.com.ar\/index.php\/wp-json\/wp\/v2\/users\/2"}],"replies":[{"embeddable":true,"href":"https:\/\/vocesdebaires.com.ar\/index.php\/wp-json\/wp\/v2\/comments?post=20257"}],"version-history":[{"count":0,"href":"https:\/\/vocesdebaires.com.ar\/index.php\/wp-json\/wp\/v2\/posts\/20257\/revisions"}],"wp:featuredmedia":[{"embeddable":true,"href":"https:\/\/vocesdebaires.com.ar\/index.php\/wp-json\/wp\/v2\/media\/17706"}],"wp:attachment":[{"href":"https:\/\/vocesdebaires.com.ar\/index.php\/wp-json\/wp\/v2\/media?parent=20257"}],"wp:term":[{"taxonomy":"category","embeddable":true,"href":"https:\/\/vocesdebaires.com.ar\/index.php\/wp-json\/wp\/v2\/categories?post=20257"},{"taxonomy":"post_tag","embeddable":true,"href":"https:\/\/vocesdebaires.com.ar\/index.php\/wp-json\/wp\/v2\/tags?post=20257"}],"curies":[{"name":"wp","href":"https:\/\/api.w.org\/{rel}","templated":true}]}}