{"id":20261,"date":"2013-06-17T15:18:29","date_gmt":"2013-06-17T18:18:29","guid":{"rendered":"http:\/\/vocesdebaires.com.ar\/wordpress\/index.php\/2013\/06\/17\/recuerdo-de-la-mujer-del-futbol-2\/"},"modified":"2013-06-17T15:18:29","modified_gmt":"2013-06-17T18:18:29","slug":"recuerdo-de-la-mujer-del-futbol-2","status":"publish","type":"post","link":"https:\/\/vocesdebaires.com.ar\/index.php\/2013\/06\/17\/recuerdo-de-la-mujer-del-futbol-2\/","title":{"rendered":"Recuerdo de la mujer del f\u00fatbol"},"content":{"rendered":"<p>\u00a0<br \/>\nEl 16 de junio se cumpli\u00f3 un a\u00f1o de la desaparici\u00f3n f\u00edsica de N\u00e9lida Pariani de Grondona. En la Asociaci\u00f3n del F\u00fatbol Argentino su recuerdo ser\u00e1 siempre imborrable, y en estos \u00faltimos doce meses qued\u00f3 claro que as\u00ed tambi\u00e9n su legado ya se transform\u00f3 en un camino a seguir. Compa\u00f1era de Julio Humberto Grondona por m\u00e1s de 60 a\u00f1os, N\u00e9lida abri\u00f3 paso a la mujer en un mundo hist\u00f3ricamente ocupado por hombres, con su impronta llena de energ\u00eda, visi\u00f3n, compa\u00f1erismo y solidaridad. Activa gestora de acciones comunitarias y culturales de parte de la AFA, N\u00e9lida cre\u00f3 en 2001, para la \u00e9poca de la Copa del Mundo Sub-20 disputada en la Argentina, la Comisi\u00f3n Protocolar de Damas. A partir de all\u00ed su figura se proyect\u00f3 hacia la Conmebol y la FIFA. Siete a\u00f1os m\u00e1s tarde, fue art\u00edfice de la construcci\u00f3n de la capilla &quot;San Francisco de As\u00eds&quot;, Patrono de los j\u00f3venes, una obra que se convirti\u00f3 en el rinc\u00f3n de espiritualidad y recogimiento del Complejo Habitacional y Deportivo Ezeiza, un verdadero orgullo nacional. La misa anual que all\u00ed se celebra se convirti\u00f3 en una cita ineludible para la Familia del F\u00fatbol Argentino.<\/p>\n","protected":false},"excerpt":{"rendered":"<p>\u00a0 El 16 de junio se cumpli\u00f3 un a\u00f1o de la desaparici\u00f3n f\u00edsica de N\u00e9lida Pariani de Grondona. En la Asociaci\u00f3n del F\u00fatbol Argentino su recuerdo ser\u00e1 siempre imborrable, y en estos \u00faltimos doce meses qued\u00f3 claro que as\u00ed tambi\u00e9n su legado ya se transform\u00f3 en un camino a seguir. Compa\u00f1era de Julio Humberto Grondona [&hellip;]<\/p>\n","protected":false},"author":2,"featured_media":17714,"comment_status":"open","ping_status":"open","sticky":false,"template":"","format":"standard","meta":{"_et_pb_use_builder":"","_et_pb_old_content":"","_et_gb_content_width":"","footnotes":""},"categories":[39,14],"tags":[],"class_list":["post-20261","post","type-post","status-publish","format-standard","has-post-thumbnail","hentry","category-1o-division-a","category-deportes"],"_links":{"self":[{"href":"https:\/\/vocesdebaires.com.ar\/index.php\/wp-json\/wp\/v2\/posts\/20261"}],"collection":[{"href":"https:\/\/vocesdebaires.com.ar\/index.php\/wp-json\/wp\/v2\/posts"}],"about":[{"href":"https:\/\/vocesdebaires.com.ar\/index.php\/wp-json\/wp\/v2\/types\/post"}],"author":[{"embeddable":true,"href":"https:\/\/vocesdebaires.com.ar\/index.php\/wp-json\/wp\/v2\/users\/2"}],"replies":[{"embeddable":true,"href":"https:\/\/vocesdebaires.com.ar\/index.php\/wp-json\/wp\/v2\/comments?post=20261"}],"version-history":[{"count":0,"href":"https:\/\/vocesdebaires.com.ar\/index.php\/wp-json\/wp\/v2\/posts\/20261\/revisions"}],"wp:featuredmedia":[{"embeddable":true,"href":"https:\/\/vocesdebaires.com.ar\/index.php\/wp-json\/wp\/v2\/media\/17714"}],"wp:attachment":[{"href":"https:\/\/vocesdebaires.com.ar\/index.php\/wp-json\/wp\/v2\/media?parent=20261"}],"wp:term":[{"taxonomy":"category","embeddable":true,"href":"https:\/\/vocesdebaires.com.ar\/index.php\/wp-json\/wp\/v2\/categories?post=20261"},{"taxonomy":"post_tag","embeddable":true,"href":"https:\/\/vocesdebaires.com.ar\/index.php\/wp-json\/wp\/v2\/tags?post=20261"}],"curies":[{"name":"wp","href":"https:\/\/api.w.org\/{rel}","templated":true}]}}