{"id":20262,"date":"2013-06-17T15:24:00","date_gmt":"2013-06-17T18:24:00","guid":{"rendered":"http:\/\/vocesdebaires.com.ar\/wordpress\/index.php\/2013\/06\/17\/comunicado-de-prensa-de-afa-2\/"},"modified":"2013-06-17T15:24:00","modified_gmt":"2013-06-17T18:24:00","slug":"comunicado-de-prensa-de-afa-2","status":"publish","type":"post","link":"https:\/\/vocesdebaires.com.ar\/index.php\/2013\/06\/17\/comunicado-de-prensa-de-afa-2\/","title":{"rendered":"Comunicado de prensa de AFA"},"content":{"rendered":"<p>Cumplimos en informar respecto de una diligencia judicial sobre una serie de expedientes de transferencias de contratos de futbolistas.La Asociaci\u00f3n del F\u00fatbol Argentino hace conocer que en el d\u00eda de la fecha (13 de junio de 2013), por orden del Se\u00f1or Juez a cargo del Juzgado Nacional en lo Criminal y Correccional Federal n\u00ba 5 Dr. Norberto Oyarbide, se procedi\u00f3 a una diligencia judicial seg\u00fan la cual se requiri\u00f3 informaci\u00f3n sobre una serie de expedientes de transferencias de contratos de futbolistas, las que fueron suministradas, poni\u00e9ndose la AFA \u00a0a disposici\u00f3n del requerimiento efectuado por el Magistrado.<br \/>\n\u00a0<\/p>\n","protected":false},"excerpt":{"rendered":"<p>Cumplimos en informar respecto de una diligencia judicial sobre una serie de expedientes de transferencias de contratos de futbolistas.La Asociaci\u00f3n del F\u00fatbol Argentino hace conocer que en el d\u00eda de la fecha (13 de junio de 2013), por orden del Se\u00f1or Juez a cargo del Juzgado Nacional en lo Criminal y Correccional Federal n\u00ba 5 [&hellip;]<\/p>\n","protected":false},"author":2,"featured_media":17716,"comment_status":"open","ping_status":"open","sticky":false,"template":"","format":"standard","meta":{"_et_pb_use_builder":"","_et_pb_old_content":"","_et_gb_content_width":"","footnotes":""},"categories":[39,14],"tags":[],"class_list":["post-20262","post","type-post","status-publish","format-standard","has-post-thumbnail","hentry","category-1o-division-a","category-deportes"],"_links":{"self":[{"href":"https:\/\/vocesdebaires.com.ar\/index.php\/wp-json\/wp\/v2\/posts\/20262"}],"collection":[{"href":"https:\/\/vocesdebaires.com.ar\/index.php\/wp-json\/wp\/v2\/posts"}],"about":[{"href":"https:\/\/vocesdebaires.com.ar\/index.php\/wp-json\/wp\/v2\/types\/post"}],"author":[{"embeddable":true,"href":"https:\/\/vocesdebaires.com.ar\/index.php\/wp-json\/wp\/v2\/users\/2"}],"replies":[{"embeddable":true,"href":"https:\/\/vocesdebaires.com.ar\/index.php\/wp-json\/wp\/v2\/comments?post=20262"}],"version-history":[{"count":0,"href":"https:\/\/vocesdebaires.com.ar\/index.php\/wp-json\/wp\/v2\/posts\/20262\/revisions"}],"wp:featuredmedia":[{"embeddable":true,"href":"https:\/\/vocesdebaires.com.ar\/index.php\/wp-json\/wp\/v2\/media\/17716"}],"wp:attachment":[{"href":"https:\/\/vocesdebaires.com.ar\/index.php\/wp-json\/wp\/v2\/media?parent=20262"}],"wp:term":[{"taxonomy":"category","embeddable":true,"href":"https:\/\/vocesdebaires.com.ar\/index.php\/wp-json\/wp\/v2\/categories?post=20262"},{"taxonomy":"post_tag","embeddable":true,"href":"https:\/\/vocesdebaires.com.ar\/index.php\/wp-json\/wp\/v2\/tags?post=20262"}],"curies":[{"name":"wp","href":"https:\/\/api.w.org\/{rel}","templated":true}]}}