{"id":2030,"date":"2020-03-13T03:00:00","date_gmt":"2020-03-13T06:00:00","guid":{"rendered":"http:\/\/vocesdebaires.com.ar\/wordpress\/index.php\/2020\/03\/13\/ciudadpermiso-de-uso-de-predios-a-ongs\/"},"modified":"2020-03-13T03:00:00","modified_gmt":"2020-03-13T06:00:00","slug":"ciudadpermiso-de-uso-de-predios-a-ongs","status":"publish","type":"post","link":"https:\/\/vocesdebaires.com.ar\/index.php\/2020\/03\/13\/ciudadpermiso-de-uso-de-predios-a-ongs\/","title":{"rendered":"Ciudad:Permiso de uso de predios a ONGs"},"content":{"rendered":"<p>Trabajadores de la Cooperativa de Trabajo Envases Industriales Limitada -Cooperpel- pidieron a los legisladores de la Comisi\u00f3n de Presupuesto revisar la ley aprobada en primera lectura que dispone el traslado de su lugar de producci\u00f3n a otro m\u00e1s reducido, lo que generar\u00eda un grave perjuicio a la fuente laboral. Se trata de la empresa que funciona en Gral. de Divisi\u00f3n Juan Jos\u00e9 Valle N\u00b0 2983 en Nueva Pompeya -Comuna 4- que fabrica y comercializa bolsas industriales de papel multipliego de fondo cocido y fondo americano as\u00ed como papeles especiales en bobina para embalaje en la industria sider\u00fargica o aislante en la industria de la construcci\u00f3n. Entre otros clientes tiene a Techint y efect\u00faa exportaciones a Uruguay.<\/p>\n<p>Una ley aprobada en primera lectura el 5 de diciembre pasado autoriza al Poder Ejecutivo a otorgar permisos de uso precarios a titulo gratuito, por un plazo de diez 10 a\u00f1os, prorrogables por \u00fanica vez por el mismo plazo, sobre los inmuebles de dominio de la Ciudad Aut\u00f3noma de Buenos Aires ubicados en la avenida Fern\u00e1ndez de la Cruz N\u00b0 3.371 y 3.381\/83, en las calles Mariano Acosta N\u00b0 3.134 y 3.184 y Pergamino N\u00b0 3.045 -Comuna 8.<\/p>\n<p>La norma objeto de la Audiencia P\u00fablica de este mi\u00e9rcoles establece tambi\u00e9n que \u00abLos permisionarios se obligan a restituir al Gobierno de la Ciudad Aut\u00f3noma de Buenos Aires el espacio permisionado, al momento de la conclusi\u00f3n del plazo y\/o producida su finalizaci\u00f3n por cualquier causa, en buen estado de conservaci\u00f3n, salvo el deterioro que pudiere producirse por el transcurso del tiempo y el uso adecuado del mismo, libre de ocupantes, con las mejoras introducidas, sin que ello genere derecho a reclamar indemnizaci\u00f3n y\/o compensaci\u00f3n alguna a favor de los permisionarios. Para el caso que los permisionarios no hubiesen hecho entrega del sector del predio e instalaciones dentro del plazo estipulado y en la forma establecida, el Gobierno de la Ciudad Aut\u00f3noma de Buenos Aires, proceder\u00e1 a su inmediata desocupaci\u00f3n administrativa\u00bb.<\/p>\n<p>En su mensaje el titular del Poder Ejecutivo, manifest\u00f3 a los legisladores que el fin es \u00abpreservar la fuente de trabajo de los pocos trabajadores que a\u00fan contin\u00faan desarrollando alguna actividad, y puedan resultar afectados por leyes de desafectaci\u00f3n de utilidad p\u00fablica de los inmuebles en donde ellos se desempe\u00f1an. De esta manera se velar\u00e1 tanto por la conservaci\u00f3n de los puestos de trabajo, en condiciones m\u00e1s propicias para ellos como para la Ciudad Aut\u00f3noma de Buenos Aires. De esta manera se resguarda el cumplimiento de los objetivos y metas que el Gobierno de la Ciudad<\/p>\n<p>Aut\u00f3noma de Buenos Aires se ha propuesto, en cumplimiento con los principios de econom\u00eda, eficacia y eficiencia\u00bb. Esta iniciativa fue defendida por el responsable de la Direcci\u00f3n General Administraci\u00f3n de bienes, relocalizaciones y gesti\u00f3n integral del Ministerio de Desarrollo Econ\u00f3mico y Producci\u00f3n, Matias Vitale, quien asegur\u00f3 que \u00aba\u00fan no se perfeccionaron las expropiaciones dispuestas por la Ley 1529 y la nueva ubicaci\u00f3n [que ponder\u00f3 de 4.500 metros cuadrados] permitir\u00e1 a la cooperativa la continuidad de la fuente laboral\u00bb.<\/p>\n<p>No obstante, luego representantes de los trabajadores, Hugo Jos\u00e9 Fucek y Pablo Daniel Mamani -quien ingres\u00f3 a los 18 a\u00f1os y es hijo de un socio fundador- advirtieron sobre las consecuencias negativas que aparejar\u00eda el traslado de la empresa recuperada en el a\u00f1o 2002 por 24 socios y aportaron comprobaciones fotogr\u00e1ficas.Por su parte, el abogado de Cooperpel Dr. Fernando Emilio Mart\u00ednez, explic\u00f3 que \u00abes indispensable revisar el traslado porque llevar\u00eda al cierre\u00bb y record\u00f3 que \u00abexisten dos sentencias judiciales definitivas firmes que hacen que esta ley en consideraci\u00f3n sea nula, il\u00edcita e ilegal\u00bb.<\/p>\n<p>En tanto, la auditora Sandra Jorgelina Segovia, destac\u00f3 que \u00abseg\u00fan el Instituto Nacional de Asociativismo y Econom\u00eda Social es la \u00fanica empresa recuperada super habitar\u00eda y desde el a\u00f1o 2006 hasta la actualidad su capitalizaci\u00f3n fue sostenida lo que posibilit\u00f3 el fortalecimiento de la su capacidad productiva y la expansi\u00f3n, pero sobre todo el mejoramiento de la calidad de vida de sus socios\u00bb. Se\u00f1al\u00f3 que \u00aben su actual emplazamiento Cooperpel dispone de 3.100 metros cuadrados de superficie y le quieren dar 1.300 m2\u00bb.La legisladora\u00a0 Mar\u00eda Rosa Mui\u00f1os (FdT) en su breve intervenci\u00f3n afirm\u00f3 que \u00absi la ley 1529 en este caso no se perfeccion\u00f3 fue por decisi\u00f3n del Gobierno de la Ciudad\u00bb.<\/p>\n<p>Asociaci\u00f3n Civil de Vecinos Florentino Ameghino<br \/>Una Audiencia P\u00fablica apoy\u00f3 otorgar a la Asociaci\u00f3n Civil de Vecinos \u00abFlorentino Ameghino\u00bb -AVeFA- permiso de uso a titulo precario y gratuito por 20 a\u00f1os, del predio ubicado en Avenida Independencia N\u00b0 4246\/64, llamada \u00abPlacita de los Vecinos\u00bb en Boedo &#8211; Comuna 5. Participaron entre otros, la presidenta de la entidad Ana Florencia Lozano, el secretario general Mart\u00edn Hern\u00e1n Gorreta y la docente universitaria y ex presidenta Mar\u00eda Daniela Paredes.El inmueble deber\u00e1 ser destinado por la entidad beneficiaria a la pr\u00e1ctica de actividades deportivas, sociales, culturales, comunitarias y de bien p\u00fablico tal como lo viene haciendo desde hace d\u00e9cadas.<\/p>\n<p>AVeFA fue constituida el 28 de septiembre de 1985, y el 8 de marzo de 1989 logr\u00f3 de la Inspecci\u00f3n General de Justicia N\u00b0 65 la personer\u00eda jur\u00eddica N\u00ba 9931. Adem\u00e1s, se encuentra inscripta en el Registro \u00danico de Instituciones Deportivas de la Ciudad Aut\u00f3noma de Buenos Aires. Entre otras actividades, hace m\u00e1s de cuatro a\u00f1os desarrolla un Proyecto de Huerta Comunitaria, en el que participan vecinos del barrio, socios de AVEFA y la Comisi\u00f3n de Espacios Verdes de la Comuna 5. La huerta es actualmente un espacio de educativo pedag\u00f3gico en el que alumnos del Centro Educativo Primario realizan actividades relacionadas a los contenidos de las Ciencias Naturales.<\/p>\n","protected":false},"excerpt":{"rendered":"<p>Trabajadores de la Cooperativa de Trabajo Envases Industriales Limitada -Cooperpel- pidieron a los legisladores de la Comisi\u00f3n de Presupuesto revisar la ley aprobada en primera lectura que dispone el traslado de su lugar de producci\u00f3n a otro m\u00e1s reducido, lo que generar\u00eda un grave perjuicio a la fuente laboral. Se trata de la empresa que [&hellip;]<\/p>\n","protected":false},"author":1,"featured_media":2031,"comment_status":"open","ping_status":"open","sticky":false,"template":"","format":"standard","meta":{"_et_pb_use_builder":"","_et_pb_old_content":"","_et_gb_content_width":"","footnotes":""},"categories":[11,32],"tags":[],"class_list":["post-2030","post","type-post","status-publish","format-standard","has-post-thumbnail","hentry","category-ciudad","category-comunas"],"_links":{"self":[{"href":"https:\/\/vocesdebaires.com.ar\/index.php\/wp-json\/wp\/v2\/posts\/2030"}],"collection":[{"href":"https:\/\/vocesdebaires.com.ar\/index.php\/wp-json\/wp\/v2\/posts"}],"about":[{"href":"https:\/\/vocesdebaires.com.ar\/index.php\/wp-json\/wp\/v2\/types\/post"}],"author":[{"embeddable":true,"href":"https:\/\/vocesdebaires.com.ar\/index.php\/wp-json\/wp\/v2\/users\/1"}],"replies":[{"embeddable":true,"href":"https:\/\/vocesdebaires.com.ar\/index.php\/wp-json\/wp\/v2\/comments?post=2030"}],"version-history":[{"count":0,"href":"https:\/\/vocesdebaires.com.ar\/index.php\/wp-json\/wp\/v2\/posts\/2030\/revisions"}],"wp:featuredmedia":[{"embeddable":true,"href":"https:\/\/vocesdebaires.com.ar\/index.php\/wp-json\/wp\/v2\/media\/2031"}],"wp:attachment":[{"href":"https:\/\/vocesdebaires.com.ar\/index.php\/wp-json\/wp\/v2\/media?parent=2030"}],"wp:term":[{"taxonomy":"category","embeddable":true,"href":"https:\/\/vocesdebaires.com.ar\/index.php\/wp-json\/wp\/v2\/categories?post=2030"},{"taxonomy":"post_tag","embeddable":true,"href":"https:\/\/vocesdebaires.com.ar\/index.php\/wp-json\/wp\/v2\/tags?post=2030"}],"curies":[{"name":"wp","href":"https:\/\/api.w.org\/{rel}","templated":true}]}}