{"id":20408,"date":"2013-07-10T15:36:53","date_gmt":"2013-07-10T18:36:53","guid":{"rendered":"http:\/\/vocesdebaires.com.ar\/wordpress\/index.php\/2013\/07\/10\/amistoso-italia-argentina-2\/"},"modified":"2013-07-10T15:36:53","modified_gmt":"2013-07-10T18:36:53","slug":"amistoso-italia-argentina-2","status":"publish","type":"post","link":"https:\/\/vocesdebaires.com.ar\/index.php\/2013\/07\/10\/amistoso-italia-argentina-2\/","title":{"rendered":"Amistoso: Italia-Argentina"},"content":{"rendered":"<p>Este encuentro se disputar\u00e1 el 14 de agosto en el estadio Ol\u00edmpico de Roma a las 20.45 (hora local), y ser\u00e1 en homenaje al Sumo Pont\u00edfice Francisco. Antes del encuentro los dos planteles, junto a los miembros de ambas comitivas, ser\u00e1n recibidos por el Santo Padre en el Vaticano. A prop\u00f3sito de este importante encuentro la Federaci\u00f3n Italiana de F\u00fatbol ha publicado el siguiente comunicado: \u201cItalia y Argentina se enfrentar\u00e1n nuevamente despu\u00e9s de casi 13 a\u00f1os del partido disputado en Roma el 28 de febrero de 2001\u201d. \u201cPara los italianos ser\u00e1 el primer compromiso despu\u00e9s de la Copa Confederaciones celebrada en Brasil, una prueba \u00fatil en vista de los dos partidos que deber\u00e1n afrontar por la clasificaci\u00f3n para el mundial 2014, que tendr\u00e1 a Italia en campo el 6 de septiembre contra Bulgaria en Palermo y el 10 de septiembre contra Rep\u00fablica Checa en Torino\u201d.<br \/>\n\u00a0<\/p>\n","protected":false},"excerpt":{"rendered":"<p>Este encuentro se disputar\u00e1 el 14 de agosto en el estadio Ol\u00edmpico de Roma a las 20.45 (hora local), y ser\u00e1 en homenaje al Sumo Pont\u00edfice Francisco. Antes del encuentro los dos planteles, junto a los miembros de ambas comitivas, ser\u00e1n recibidos por el Santo Padre en el Vaticano. A prop\u00f3sito de este importante encuentro [&hellip;]<\/p>\n","protected":false},"author":2,"featured_media":17982,"comment_status":"open","ping_status":"open","sticky":false,"template":"","format":"standard","meta":{"_et_pb_use_builder":"","_et_pb_old_content":"","_et_gb_content_width":"","footnotes":""},"categories":[14,49],"tags":[],"class_list":["post-20408","post","type-post","status-publish","format-standard","has-post-thumbnail","hentry","category-deportes","category-seleccion-argentina-2"],"_links":{"self":[{"href":"https:\/\/vocesdebaires.com.ar\/index.php\/wp-json\/wp\/v2\/posts\/20408"}],"collection":[{"href":"https:\/\/vocesdebaires.com.ar\/index.php\/wp-json\/wp\/v2\/posts"}],"about":[{"href":"https:\/\/vocesdebaires.com.ar\/index.php\/wp-json\/wp\/v2\/types\/post"}],"author":[{"embeddable":true,"href":"https:\/\/vocesdebaires.com.ar\/index.php\/wp-json\/wp\/v2\/users\/2"}],"replies":[{"embeddable":true,"href":"https:\/\/vocesdebaires.com.ar\/index.php\/wp-json\/wp\/v2\/comments?post=20408"}],"version-history":[{"count":0,"href":"https:\/\/vocesdebaires.com.ar\/index.php\/wp-json\/wp\/v2\/posts\/20408\/revisions"}],"wp:featuredmedia":[{"embeddable":true,"href":"https:\/\/vocesdebaires.com.ar\/index.php\/wp-json\/wp\/v2\/media\/17982"}],"wp:attachment":[{"href":"https:\/\/vocesdebaires.com.ar\/index.php\/wp-json\/wp\/v2\/media?parent=20408"}],"wp:term":[{"taxonomy":"category","embeddable":true,"href":"https:\/\/vocesdebaires.com.ar\/index.php\/wp-json\/wp\/v2\/categories?post=20408"},{"taxonomy":"post_tag","embeddable":true,"href":"https:\/\/vocesdebaires.com.ar\/index.php\/wp-json\/wp\/v2\/tags?post=20408"}],"curies":[{"name":"wp","href":"https:\/\/api.w.org\/{rel}","templated":true}]}}