{"id":2042,"date":"2020-03-12T03:45:39","date_gmt":"2020-03-12T06:45:39","guid":{"rendered":"http:\/\/vocesdebaires.com.ar\/wordpress\/index.php\/2020\/03\/12\/legislaturacoronavirus-conferencia-informativa\/"},"modified":"2020-03-12T03:45:39","modified_gmt":"2020-03-12T06:45:39","slug":"legislaturacoronavirus-conferencia-informativa","status":"publish","type":"post","link":"https:\/\/vocesdebaires.com.ar\/index.php\/2020\/03\/12\/legislaturacoronavirus-conferencia-informativa\/","title":{"rendered":"Legislatura:Coronavirus: conferencia informativa"},"content":{"rendered":"<p>Los m\u00e9dicos Patricia Angeleri y Cristian Biscayart, integrantes del Plan de Contingencia del Coronavirus en la Ciudad, brindaron una conferencia a diputados porte\u00f1os y empleados de la Legislatura porte\u00f1a sobre el coronavirus.Angeleri introdujo afirmando que \u201cno estamos en circunstancias en que el virus est\u00e9 circulando entre nosotros\u201d, aunque advirti\u00f3 que es necesario \u201ccumplir con las normas\u201d y extremar las medidas de prevenci\u00f3n para la poblaci\u00f3n, como el lavado de manos, limpiar con alcohol superficies de contacto masivo y evitar conductas antihigi\u00e9nicas como escupir. Angeleri explic\u00f3 que en la Ciudad hay un protocolo para actuar ante el coronavirus y una mesa de expertos que est\u00e1 monitoreando permanentemente la enfermedad.<\/p>\n<p>Enumer\u00f3 que hasta ahora de 1500 consultas, 65 fueron sospechosos, 11 enfermos y 1 fallecido.Las formas en que se registran los casos pueden ser a trav\u00e9s de la l\u00ednea 107, la consulta en un Centro de Salud, en una Cl\u00ednica privada o en un Hospital; pero toda la informaci\u00f3n es coordinada por las autoridades sanitarias del Gobierno porte\u00f1o.\u00a0 La m\u00e9dica afirm\u00f3 que \u201cno somos ni hist\u00e9ricos u obsesivos\u201d, pero que es fundamental que \u201cnos lavemos las manos\u201d, \u201cque cualquier alcohol sirve para desinfectar\u201d, pero el que es en gel no irrita las manos\u00a0 y adem\u00e1s es necesario que \u201ccompartamos el termo\u201d, pero no la bombilla del mate.\u00a0 Tambi\u00e9n pidi\u00f3 que \u201cno tengo que ir a trabajar si tengo fiebre\u201d, ya que podr\u00eda propagar la enfermedad.<\/p>\n<p>Biscayart aclar\u00f3 que al haber llegado la enfermedad a la Argentina luego de China y Europa, les ha dado ejemplos para actuar: \u201cestamos ante algo que es nuevo, pero tenemos pautas de c\u00f3mo se ha compartido el virus en diferentes pa\u00edses\u201d.\u00a0 Tambi\u00e9n ante las consultas de los presentes, afirm\u00f3 que \u201ctenemos que cuidar a los adultos mayores, ya que el \u00edndice de mortalidad ronda el 10%, mientras que va del 1 al 2% en las otras edades\u201d El m\u00e9dico explic\u00f3 que en Argentina \u201cva seguir llegando gente con el coronavirus, argentinos que vuelven de viajes o turistas que visitan la ciudad\u201d.\u00a0 Ante la consulta sobre la vacuna, Biscayart explic\u00f3 que \u201cse est\u00e1 desarrollando, pero hasta que est\u00e9 ampliamente disponible va llegar mucho tiempo\u201d. Y agreg\u00f3 que \u201cvamos sabiendo lo que va produciendo, pero tenemos incertidumbre sobre como lo vamos a poder controlar\u201d<\/p>\n<p>Angeleri afirm\u00f3 que en caso de que un paciente presente \u201cfiebre m\u00e1s s\u00edntomas respiratorios, es sospechoso\u201d, por lo cual es necesario hacer la consulta m\u00e9dica.\u00a0 Biscayart explic\u00f3 que en esta etapa, la detecci\u00f3n se hace solo en el Instituto Malbran de la Naci\u00f3n, que consider\u00f3 \u201cun orgullo continental\u201d, ya que \u201cse estudia el c\u00f3digo gen\u00e9tico del virus\u201d. Pero cuando \u201ccircula de forma masiva, la transmisi\u00f3n queda confirmada por nexos epidemiol\u00f3gicos\u201d, las relaciones interpersonales que tuvo el paciente. Afirm\u00f3 que por ley, la denuncia de un caso es obligatoria y el seguimiento del caso lo hace\u00a0 en Ministerio de Salud porte\u00f1o. Durante la conferencia estuvieron presentes los legisladores Gast\u00f3n Blanchetiere, Claudio Cingolani,\u00a0 Daniel Del Sol,\u00a0 Facundo Del Gaiso, Mar\u00eda Cecilia Ferrero, Natalia Fidel, Cristina Garc\u00eda de Aurteneche, Esteban Garrido, Mat\u00edas L\u00f3pez, Guillermo Gonz\u00e1lez Heredia, Guillermo Surez (Vamos Juntos) junto a sus pares organizadores Ana Mar\u00eda Bou P\u00e9rez (VJ) y Mar\u00eda Patricia Vischi (UCR\/Evoluci\u00f3n).\u00a0 <\/p>\n","protected":false},"excerpt":{"rendered":"<p>Los m\u00e9dicos Patricia Angeleri y Cristian Biscayart, integrantes del Plan de Contingencia del Coronavirus en la Ciudad, brindaron una conferencia a diputados porte\u00f1os y empleados de la Legislatura porte\u00f1a sobre el coronavirus.Angeleri introdujo afirmando que \u201cno estamos en circunstancias en que el virus est\u00e9 circulando entre nosotros\u201d, aunque advirti\u00f3 que es necesario \u201ccumplir con las [&hellip;]<\/p>\n","protected":false},"author":1,"featured_media":2043,"comment_status":"open","ping_status":"open","sticky":false,"template":"","format":"standard","meta":{"_et_pb_use_builder":"","_et_pb_old_content":"","_et_gb_content_width":"","footnotes":""},"categories":[11,33],"tags":[],"class_list":["post-2042","post","type-post","status-publish","format-standard","has-post-thumbnail","hentry","category-ciudad","category-sociedad-y-cultura-2"],"_links":{"self":[{"href":"https:\/\/vocesdebaires.com.ar\/index.php\/wp-json\/wp\/v2\/posts\/2042"}],"collection":[{"href":"https:\/\/vocesdebaires.com.ar\/index.php\/wp-json\/wp\/v2\/posts"}],"about":[{"href":"https:\/\/vocesdebaires.com.ar\/index.php\/wp-json\/wp\/v2\/types\/post"}],"author":[{"embeddable":true,"href":"https:\/\/vocesdebaires.com.ar\/index.php\/wp-json\/wp\/v2\/users\/1"}],"replies":[{"embeddable":true,"href":"https:\/\/vocesdebaires.com.ar\/index.php\/wp-json\/wp\/v2\/comments?post=2042"}],"version-history":[{"count":0,"href":"https:\/\/vocesdebaires.com.ar\/index.php\/wp-json\/wp\/v2\/posts\/2042\/revisions"}],"wp:featuredmedia":[{"embeddable":true,"href":"https:\/\/vocesdebaires.com.ar\/index.php\/wp-json\/wp\/v2\/media\/2043"}],"wp:attachment":[{"href":"https:\/\/vocesdebaires.com.ar\/index.php\/wp-json\/wp\/v2\/media?parent=2042"}],"wp:term":[{"taxonomy":"category","embeddable":true,"href":"https:\/\/vocesdebaires.com.ar\/index.php\/wp-json\/wp\/v2\/categories?post=2042"},{"taxonomy":"post_tag","embeddable":true,"href":"https:\/\/vocesdebaires.com.ar\/index.php\/wp-json\/wp\/v2\/tags?post=2042"}],"curies":[{"name":"wp","href":"https:\/\/api.w.org\/{rel}","templated":true}]}}