{"id":20444,"date":"2013-03-09T18:48:58","date_gmt":"2013-03-09T21:48:58","guid":{"rendered":"http:\/\/vocesdebaires.com.ar\/wordpress\/index.php\/2013\/03\/09\/listaconvocados-para-los-partidos-con-venezuela-y-bolivia-2\/"},"modified":"2013-03-09T18:48:58","modified_gmt":"2013-03-09T21:48:58","slug":"listaconvocados-para-los-partidos-con-venezuela-y-bolivia-2","status":"publish","type":"post","link":"https:\/\/vocesdebaires.com.ar\/index.php\/2013\/03\/09\/listaconvocados-para-los-partidos-con-venezuela-y-bolivia-2\/","title":{"rendered":"Lista:Convocados para los partidos con Venezuela y Bolivia"},"content":{"rendered":"<p>El director t\u00e9cnico de la Selecci\u00f3n Nacional, Alejandro Sabella, dio a conocer el jueves, la lista de jugadores que act\u00faan en instituciones del exterior, para integrar el plantel para los partidos ante Venezuela y Bolivia, por la competici\u00f3n preliminar para la Copa Mundial de la FIFA &#8211; Brasil 2014, programados para el 22 y 26 del corriente mes, respectivamente. La lista de futbolistas convocados para los partidos de Eliminatorias Sudamericanas ante Venezuela y Bolivia:<br \/>\n Messi, Lionel &#8211; Barcelona &#8211; Espa\u00f1a<br \/>\n Mascherano, Javier &#8211; Barceloma &#8211; Espa\u00f1a<br \/>\n Higua\u00edn, Gonzalo &#8211; Real Madrid &#8211; Espa\u00f1a<br \/>\n Di Mar\u00eda, \u00c1ngel &#8211; Real Madrid &#8211; Espa\u00f1a<br \/>\n Banega, Ever &#8211; Valencia &#8211; Espa\u00f1a<br \/>\n Fern\u00e1ndez, Augusto &#8211; Celta de Vigo &#8211; Espa\u00f1a<br \/>\n Fern\u00e1ndez, Federico &#8211; Getafe &#8211; Espa\u00f1a<br \/>\n Romero, Sergio &#8211; Sampdoria &#8211; Italia<br \/>\n And\u00fajar, Mariano &#8211; Catania &#8211; Italia<br \/>\n Campagnaro, Hugo &#8211; N\u00e1poli &#8211; Italia<br \/>\n Palacio, Rodrigo &#8211; Internazionale &#8211; Italia<br \/>\n Zabaleta, Pablo &#8211; Manchester City &#8211; Inglaterra<br \/>\n Ag\u00fcero, Sergio &#8211; Manchester City &#8211; Inglaterra<br \/>\n Di Santo, Franco &#8211; Wigan A. &#8211; Inglaterra<br \/>\n Rojo, Marcos &#8211; Sporting Lisboa &#8211; Portugal<br \/>\n Garay, Ezequiel &#8211; Benfica &#8211; Portugal<br \/>\n Lavezzi, Ezequiel &#8211; Paris S.G. &#8211; Francia<br \/>\n Sosa, Jos\u00e9 &#8211; Metalist &#8211; Ucrania<br \/>\n Montillo, Walter &#8211; Santos &#8211; Brasil<br \/>\n Basanta, Jos\u00e9 &#8211; Monterrey &#8211; M\u00e9xico<br \/>\n Gui\u00f1az\u00fa, Pablo &#8211; Libertad &#8211; Paraguay<br \/>\n\u00a0<br \/>\n Nota: esta lista puede ser modificada en el curso de los pr\u00f3ximos d\u00edas<br \/>\n\u00a0<\/p>\n","protected":false},"excerpt":{"rendered":"<p>El director t\u00e9cnico de la Selecci\u00f3n Nacional, Alejandro Sabella, dio a conocer el jueves, la lista de jugadores que act\u00faan en instituciones del exterior, para integrar el plantel para los partidos ante Venezuela y Bolivia, por la competici\u00f3n preliminar para la Copa Mundial de la FIFA &#8211; Brasil 2014, programados para el 22 y 26 [&hellip;]<\/p>\n","protected":false},"author":2,"featured_media":17535,"comment_status":"open","ping_status":"open","sticky":false,"template":"","format":"standard","meta":{"_et_pb_use_builder":"","_et_pb_old_content":"","_et_gb_content_width":"","footnotes":""},"categories":[14,49],"tags":[],"class_list":["post-20444","post","type-post","status-publish","format-standard","has-post-thumbnail","hentry","category-deportes","category-seleccion-argentina-2"],"_links":{"self":[{"href":"https:\/\/vocesdebaires.com.ar\/index.php\/wp-json\/wp\/v2\/posts\/20444"}],"collection":[{"href":"https:\/\/vocesdebaires.com.ar\/index.php\/wp-json\/wp\/v2\/posts"}],"about":[{"href":"https:\/\/vocesdebaires.com.ar\/index.php\/wp-json\/wp\/v2\/types\/post"}],"author":[{"embeddable":true,"href":"https:\/\/vocesdebaires.com.ar\/index.php\/wp-json\/wp\/v2\/users\/2"}],"replies":[{"embeddable":true,"href":"https:\/\/vocesdebaires.com.ar\/index.php\/wp-json\/wp\/v2\/comments?post=20444"}],"version-history":[{"count":0,"href":"https:\/\/vocesdebaires.com.ar\/index.php\/wp-json\/wp\/v2\/posts\/20444\/revisions"}],"wp:featuredmedia":[{"embeddable":true,"href":"https:\/\/vocesdebaires.com.ar\/index.php\/wp-json\/wp\/v2\/media\/17535"}],"wp:attachment":[{"href":"https:\/\/vocesdebaires.com.ar\/index.php\/wp-json\/wp\/v2\/media?parent=20444"}],"wp:term":[{"taxonomy":"category","embeddable":true,"href":"https:\/\/vocesdebaires.com.ar\/index.php\/wp-json\/wp\/v2\/categories?post=20444"},{"taxonomy":"post_tag","embeddable":true,"href":"https:\/\/vocesdebaires.com.ar\/index.php\/wp-json\/wp\/v2\/tags?post=20444"}],"curies":[{"name":"wp","href":"https:\/\/api.w.org\/{rel}","templated":true}]}}