{"id":2052,"date":"2020-03-11T11:02:40","date_gmt":"2020-03-11T14:02:40","guid":{"rendered":"http:\/\/vocesdebaires.com.ar\/wordpress\/index.php\/2020\/03\/11\/ciudad-audiencia-publica-por-el-triangulo-salguero\/"},"modified":"2020-03-11T11:02:40","modified_gmt":"2020-03-11T14:02:40","slug":"ciudad-audiencia-publica-por-el-triangulo-salguero","status":"publish","type":"post","link":"https:\/\/vocesdebaires.com.ar\/index.php\/2020\/03\/11\/ciudad-audiencia-publica-por-el-triangulo-salguero\/","title":{"rendered":"Ciudad: Audiencia p\u00fablica por el \u00abTriangulo Salguero\u00bb"},"content":{"rendered":"<p>El proyecto \u00abTri\u00e1ngulo Salguero\u00bb, que busca habilitar la urbanizaci\u00f3n y edificaci\u00f3n de un terreno de m\u00e1s de media manzana (unos 5.800 m2), fue tratado ayer por la tarde en Audiencia P\u00fablica en la Legislatura de la Ciudad de Buenos Aires.La iniciativa refiere a una especie de plazoleta central entre calles, a la altura de la avenida Jer\u00f3nimo Salguero, una arteria sin nombre y una bajada prevista pero no utilizada de la\u00a0 Autopista Illia (lado Norte), en el deslinde de los barrios Palermo y Recoleta.<\/p>\n<p>Los principales expositores de la Audiencia P\u00fablica realizada en el sal\u00f3n Dorado &#8211; Hip\u00f3lito Yrigoyen fueron la arquitecta Sandra Tuya, directora general de Planeamiento Urbano de la Jefatura de Gobierno de la Ciudad de Buenos Aires, y Fernando Fimognare, coordinador de Planeamiento, Obras y Espacios P\u00fablicos de la Defensor\u00eda del Pueblo La funcionaria explic\u00f3 los detalles principales del plan gubernamental para integrar a la urbanizaci\u00f3n porte\u00f1a esa porci\u00f3n de terreno cedido por la Naci\u00f3n mediante un convenio.<\/p>\n<p>Se proyecta edificar el 70 por ciento del suelo y permitir la instalaci\u00f3n de comercios minoristas, alojamientos tur\u00edsticos, locales de diversi\u00f3n y departamentos residenciales, entre otras actividades y utilidades. Se admitir\u00e1 la subdivisi\u00f3n en hasta dos parcelas.El representante de la Defensor\u00eda del Pueblo manifest\u00f3 la \u00abpreocupaci\u00f3n\u00bb de esa instituci\u00f3n aut\u00f3noma de la Constituci\u00f3n metropolitana \u00abpor la forma sistem\u00e1tica con que el Gobierno de la Ciudad se desprende de las tierras traspasadas por el Estado nacional en un abrir y cerrar de ojos\u00bb.<\/p>\n<p>La Defensor\u00eda sostuvo que \u00abel patrimonio p\u00fablico no es de los gobiernos de turno\u00bb, record\u00f3 el decreto presidencial del 14 de febrero de 2020, que ordena\u00a0 revisar en un plazo de 60 d\u00edas todos los contratos firmados por la Agencia de Administraci\u00f3n de Bienes del Estado nacional (AABE) y el Gobierno de la Ciudad Aut\u00f3noma, tras lo cual se pregunt\u00f3 \u00ab\u00bfCu\u00e1l es el apuro para el dictado de estas normas\u00bb? Propuso \u00abno apresurarse\u00bb en la toma de decisiones y \u00absometer a un gran debate p\u00fablico el\u00a0 destino de los predios\u00bb.<\/p>\n<p>La ley aprobada en primera lectura requiere ahora un nuevo tratamiento en comisiones y su posterior debate y votaci\u00f3n en Sesi\u00f3n Ordinaria para su sanci\u00f3n definitiva o no, en segunda lectura.La Audiencia de hoy -ordenada por la Constituci\u00f3n de la Ciudad cuando se afectan zonificaciones de espacios p\u00fablicos- estuvo presidida por la legisladora Victoria Rold\u00e1n M\u00e9ndez (VJ), titular de la comisi\u00f3n legislativa de Planeamiento Urbano, y participaron los diputados Cristina Garc\u00eda, Ma. Cecilia Ferrero, Claudio Cingolani (VJ) y Javier Andrade (FdT).<\/p>\n","protected":false},"excerpt":{"rendered":"<p>El proyecto \u00abTri\u00e1ngulo Salguero\u00bb, que busca habilitar la urbanizaci\u00f3n y edificaci\u00f3n de un terreno de m\u00e1s de media manzana (unos 5.800 m2), fue tratado ayer por la tarde en Audiencia P\u00fablica en la Legislatura de la Ciudad de Buenos Aires.La iniciativa refiere a una especie de plazoleta central entre calles, a la altura de la [&hellip;]<\/p>\n","protected":false},"author":1,"featured_media":2053,"comment_status":"open","ping_status":"open","sticky":false,"template":"","format":"standard","meta":{"_et_pb_use_builder":"","_et_pb_old_content":"","_et_gb_content_width":"","footnotes":""},"categories":[11,32],"tags":[],"class_list":["post-2052","post","type-post","status-publish","format-standard","has-post-thumbnail","hentry","category-ciudad","category-comunas"],"_links":{"self":[{"href":"https:\/\/vocesdebaires.com.ar\/index.php\/wp-json\/wp\/v2\/posts\/2052"}],"collection":[{"href":"https:\/\/vocesdebaires.com.ar\/index.php\/wp-json\/wp\/v2\/posts"}],"about":[{"href":"https:\/\/vocesdebaires.com.ar\/index.php\/wp-json\/wp\/v2\/types\/post"}],"author":[{"embeddable":true,"href":"https:\/\/vocesdebaires.com.ar\/index.php\/wp-json\/wp\/v2\/users\/1"}],"replies":[{"embeddable":true,"href":"https:\/\/vocesdebaires.com.ar\/index.php\/wp-json\/wp\/v2\/comments?post=2052"}],"version-history":[{"count":0,"href":"https:\/\/vocesdebaires.com.ar\/index.php\/wp-json\/wp\/v2\/posts\/2052\/revisions"}],"wp:featuredmedia":[{"embeddable":true,"href":"https:\/\/vocesdebaires.com.ar\/index.php\/wp-json\/wp\/v2\/media\/2053"}],"wp:attachment":[{"href":"https:\/\/vocesdebaires.com.ar\/index.php\/wp-json\/wp\/v2\/media?parent=2052"}],"wp:term":[{"taxonomy":"category","embeddable":true,"href":"https:\/\/vocesdebaires.com.ar\/index.php\/wp-json\/wp\/v2\/categories?post=2052"},{"taxonomy":"post_tag","embeddable":true,"href":"https:\/\/vocesdebaires.com.ar\/index.php\/wp-json\/wp\/v2\/tags?post=2052"}],"curies":[{"name":"wp","href":"https:\/\/api.w.org\/{rel}","templated":true}]}}