{"id":20530,"date":"2013-03-19T18:42:00","date_gmt":"2013-03-19T21:42:00","guid":{"rendered":"http:\/\/vocesdebaires.com.ar\/wordpress\/index.php\/2013\/03\/19\/afa-comunicado-de-prensa-2\/"},"modified":"2013-03-19T18:42:00","modified_gmt":"2013-03-19T21:42:00","slug":"afa-comunicado-de-prensa-2","status":"publish","type":"post","link":"https:\/\/vocesdebaires.com.ar\/index.php\/2013\/03\/19\/afa-comunicado-de-prensa-2\/","title":{"rendered":"AFA: Comunicado de prensa"},"content":{"rendered":"<p>El Comit\u00e9 Ejecutivo de la Asociaci\u00f3n del F\u00fatbol Argentino resolvi\u00f3 el martes por la noche lo siguiente:<br \/>\n1- Sancionar provisionalmente con suspensi\u00f3n de una (1) fecha a aquellas parcialidades que provocaren disturbios y\/o actos de violencia dentro del \u00e1mbito que sirve de escenario a los partidos; o sea, s\u00f3lo aquello que ocurre antes, durante o despu\u00e9s de la disputa del juego dentro del estadio. Esta sanci\u00f3n comprende a todas las Categor\u00edas que est\u00e1n disputando los diferentes Torneos.<br \/>\n2- Si la parcialidad que lo provocare fuera del club que act\u00faa como local, la suspensi\u00f3n habr\u00e1 de cumplirla jugando el pr\u00f3ximo partido en esa condici\u00f3n, a puertas cerradas. Si la parcialidad fuera la visitante, le estar\u00e1 prohibida la asistencia en el primer partido en tal condici\u00f3n.<br \/>\nDirecci\u00f3n de Medios y Comunicaci\u00f3n AFA<\/p>\n","protected":false},"excerpt":{"rendered":"<p>El Comit\u00e9 Ejecutivo de la Asociaci\u00f3n del F\u00fatbol Argentino resolvi\u00f3 el martes por la noche lo siguiente: 1- Sancionar provisionalmente con suspensi\u00f3n de una (1) fecha a aquellas parcialidades que provocaren disturbios y\/o actos de violencia dentro del \u00e1mbito que sirve de escenario a los partidos; o sea, s\u00f3lo aquello que ocurre antes, durante o [&hellip;]<\/p>\n","protected":false},"author":2,"featured_media":18211,"comment_status":"open","ping_status":"open","sticky":false,"template":"","format":"standard","meta":{"_et_pb_use_builder":"","_et_pb_old_content":"","_et_gb_content_width":"","footnotes":""},"categories":[39,14],"tags":[],"class_list":["post-20530","post","type-post","status-publish","format-standard","has-post-thumbnail","hentry","category-1o-division-a","category-deportes"],"_links":{"self":[{"href":"https:\/\/vocesdebaires.com.ar\/index.php\/wp-json\/wp\/v2\/posts\/20530"}],"collection":[{"href":"https:\/\/vocesdebaires.com.ar\/index.php\/wp-json\/wp\/v2\/posts"}],"about":[{"href":"https:\/\/vocesdebaires.com.ar\/index.php\/wp-json\/wp\/v2\/types\/post"}],"author":[{"embeddable":true,"href":"https:\/\/vocesdebaires.com.ar\/index.php\/wp-json\/wp\/v2\/users\/2"}],"replies":[{"embeddable":true,"href":"https:\/\/vocesdebaires.com.ar\/index.php\/wp-json\/wp\/v2\/comments?post=20530"}],"version-history":[{"count":0,"href":"https:\/\/vocesdebaires.com.ar\/index.php\/wp-json\/wp\/v2\/posts\/20530\/revisions"}],"wp:featuredmedia":[{"embeddable":true,"href":"https:\/\/vocesdebaires.com.ar\/index.php\/wp-json\/wp\/v2\/media\/18211"}],"wp:attachment":[{"href":"https:\/\/vocesdebaires.com.ar\/index.php\/wp-json\/wp\/v2\/media?parent=20530"}],"wp:term":[{"taxonomy":"category","embeddable":true,"href":"https:\/\/vocesdebaires.com.ar\/index.php\/wp-json\/wp\/v2\/categories?post=20530"},{"taxonomy":"post_tag","embeddable":true,"href":"https:\/\/vocesdebaires.com.ar\/index.php\/wp-json\/wp\/v2\/tags?post=20530"}],"curies":[{"name":"wp","href":"https:\/\/api.w.org\/{rel}","templated":true}]}}