{"id":20535,"date":"2013-03-19T20:16:12","date_gmt":"2013-03-19T23:16:12","guid":{"rendered":"http:\/\/vocesdebaires.com.ar\/wordpress\/index.php\/2013\/03\/19\/arbitros-para-la-c-2\/"},"modified":"2013-03-19T20:16:12","modified_gmt":"2013-03-19T23:16:12","slug":"arbitros-para-la-c-2","status":"publish","type":"post","link":"https:\/\/vocesdebaires.com.ar\/index.php\/2013\/03\/19\/arbitros-para-la-c-2\/","title":{"rendered":"\u00c0rbitros para  la C"},"content":{"rendered":"<p>Primera Divisi\u00f3n C, fecha 28<br \/>\n Def. de Cambaceres-Liniers, \u00e1rbitro: Ignacio Lupani<br \/>\n F. C. Midland-Def. Unidos, \u00e1rbitro: Dami\u00e1n Rubino<br \/>\n Mercado Central &#8211; Sacachispas F.C. c. Talleres (R.E.), \u00e1rbitro: Sebasti\u00e1n Bresba<br \/>\n J.J. de Urquiza-F\u00e9nix, \u00e1rbitro: Leandro Rey Hilfer<br \/>\n Sp. Italiano-Gral. Lamadrid, \u00e1rbitro: Gast\u00f3n Iglesias<br \/>\n San Miguel-Dep. Laferrere, \u00e1rbitro: Mauro Biasutto<br \/>\n Excursionistas c. UAI &#8211; Urquiza, \u00e1rbitro: Ariel Penel<br \/>\n Luj\u00e1n-Soc. Espa\u00f1ol, \u00e1rbitro: Diego Colombo<br \/>\n El Porvenir-Argentino de Merlo, \u00e1rbitro: Pablo Gim\u00e9nez<br \/>\n Dock Sud -Berazategui, \u00e1rbitro: Rodrigo Pafundi<br \/>\n\u00a0<br \/>\n\u00a0<br \/>\n\u00a0<\/p>\n","protected":false},"excerpt":{"rendered":"<p>Primera Divisi\u00f3n C, fecha 28 Def. de Cambaceres-Liniers, \u00e1rbitro: Ignacio Lupani F. C. Midland-Def. Unidos, \u00e1rbitro: Dami\u00e1n Rubino Mercado Central &#8211; Sacachispas F.C. c. Talleres (R.E.), \u00e1rbitro: Sebasti\u00e1n Bresba J.J. de Urquiza-F\u00e9nix, \u00e1rbitro: Leandro Rey Hilfer Sp. Italiano-Gral. Lamadrid, \u00e1rbitro: Gast\u00f3n Iglesias San Miguel-Dep. Laferrere, \u00e1rbitro: Mauro Biasutto Excursionistas c. UAI &#8211; Urquiza, \u00e1rbitro: Ariel [&hellip;]<\/p>\n","protected":false},"author":2,"featured_media":18220,"comment_status":"open","ping_status":"open","sticky":false,"template":"","format":"standard","meta":{"_et_pb_use_builder":"","_et_pb_old_content":"","_et_gb_content_width":"","footnotes":""},"categories":[54,14],"tags":[],"class_list":["post-20535","post","type-post","status-publish","format-standard","has-post-thumbnail","hentry","category-1o-division-c","category-deportes"],"_links":{"self":[{"href":"https:\/\/vocesdebaires.com.ar\/index.php\/wp-json\/wp\/v2\/posts\/20535"}],"collection":[{"href":"https:\/\/vocesdebaires.com.ar\/index.php\/wp-json\/wp\/v2\/posts"}],"about":[{"href":"https:\/\/vocesdebaires.com.ar\/index.php\/wp-json\/wp\/v2\/types\/post"}],"author":[{"embeddable":true,"href":"https:\/\/vocesdebaires.com.ar\/index.php\/wp-json\/wp\/v2\/users\/2"}],"replies":[{"embeddable":true,"href":"https:\/\/vocesdebaires.com.ar\/index.php\/wp-json\/wp\/v2\/comments?post=20535"}],"version-history":[{"count":0,"href":"https:\/\/vocesdebaires.com.ar\/index.php\/wp-json\/wp\/v2\/posts\/20535\/revisions"}],"wp:featuredmedia":[{"embeddable":true,"href":"https:\/\/vocesdebaires.com.ar\/index.php\/wp-json\/wp\/v2\/media\/18220"}],"wp:attachment":[{"href":"https:\/\/vocesdebaires.com.ar\/index.php\/wp-json\/wp\/v2\/media?parent=20535"}],"wp:term":[{"taxonomy":"category","embeddable":true,"href":"https:\/\/vocesdebaires.com.ar\/index.php\/wp-json\/wp\/v2\/categories?post=20535"},{"taxonomy":"post_tag","embeddable":true,"href":"https:\/\/vocesdebaires.com.ar\/index.php\/wp-json\/wp\/v2\/tags?post=20535"}],"curies":[{"name":"wp","href":"https:\/\/api.w.org\/{rel}","templated":true}]}}