{"id":2054,"date":"2020-03-11T10:55:56","date_gmt":"2020-03-11T13:55:56","guid":{"rendered":"http:\/\/vocesdebaires.com.ar\/wordpress\/index.php\/2020\/03\/11\/vecinos-se-manifestaron-en-audiencia-publica\/"},"modified":"2020-03-11T10:55:56","modified_gmt":"2020-03-11T13:55:56","slug":"vecinos-se-manifestaron-en-audiencia-publica","status":"publish","type":"post","link":"https:\/\/vocesdebaires.com.ar\/index.php\/2020\/03\/11\/vecinos-se-manifestaron-en-audiencia-publica\/","title":{"rendered":"Vecinos se manifestaron en Audiencia P\u00fablica"},"content":{"rendered":"<p>Casi una treintena de vecinos y una funcionaria gubernamental se expresaron ayer martes en el marco de una Audiencia P\u00fablica respecto a la ley aprobada el a\u00f1o pasado en primera lectura que cambia la zonificaci\u00f3n para el sector denominado \u00abEntorno Estaci\u00f3n Villa Crespo\u00bb.La Directora General de Planeamiento Urbano -dependiente de la Secretar\u00eda de Desarrollo Urbano del GCABA-, arquitecta Sandra M. Tuya, abri\u00f3 el debate como expositora comentando con apoyatura visual los lineamientos del proyecto.<\/p>\n<p>Luego, m\u00e1s de 30 sobre un total de 83 vecinos inscriptos, coincidieron en reclamar la participaci\u00f3n a trav\u00e9s de una mesa de trabajo con el Poder Ejecutivo. Defendieron el uso del espacio p\u00fablico, demandaron equipamiento urbano verde y aludieron a mejorar la salubridad, higiene y seguridad de la zona as\u00ed como la recuperaci\u00f3n del servicio p\u00fablico de colectivos.Entre las intervenciones se escuch\u00f3 al vicepresidente del Club Atlanta, Alejandro Korz y al tesorero Esteban Kacanas; al vicepresidente de la Fundaci\u00f3n Atlanta Sim\u00f3n Poliak y socios de la entidad que agradecieron la no apertura de la calle Camargo para preservar la integridad de sus instalaciones sociales y deportivas y propusieron se considere al club para utilizar los bajoviaductos.<\/p>\n<p>La Audiencia que no es vinculante, tuvo lugar en el Sal\u00f3n Dorado con la presidencia de la Comisi\u00f3n de Planeamiento Urbano que encabeza la legisladora Victoria Rold\u00e1n M\u00e9ndez (VJ). Adem\u00e1s, asistieron el vicepresidente, Javier Andrade (FdT) y los legisladores\u00a0 vocales, Mar\u00eda Cecilia Ferrero, Gonzalo Martin Straface, Cristina Garc\u00eda De Aurteneche, Daniel Eduardo Del Sol (VJ); Mat\u00edas Barroetave\u00f1a y Mar\u00eda Rosa Mui\u00f1os (FdT). El paso siguiente es que la Comisi\u00f3n de asesoramiento permanente emita un nuevo dictamen el que ser\u00e1 elevado al Pleno para la aprobaci\u00f3n definitiva.<\/p>\n<p>Un proyecto del Ejecutivo<\/p>\n<p>El 21 de noviembre de 2019 el Cuerpo Parlamentario aprob\u00f3 en primera lectura el proyecto que enviara el Jefe de Gobierno, Horacio Rodr\u00edguez Larreta, propiciando el cambio de zonificaci\u00f3n para el sector denominado \u00abEstaci\u00f3n Villa Crespo\u00bb situado en la l\u00ednea del Ferrocarril San Mart\u00edn a la altura de la intersecci\u00f3n con la avenida Corrientes, entre avenida Dorrego y calle Humboldt &#8211; Comuna 15. En este sector se encuentran inmuebles que no tienen actividad ferroviaria y forman parte del Convenio celebrado entre el Ministerio de Transporte de la Naci\u00f3n, la Agencia de Bienes del Estado y el Gobierno de la Ciudad Aut\u00f3noma de Buenos Aires registrado bajo el N\u00b0 32315238 y oportunamente sancionado como Ley N\u00b0 6.131.<\/p>\n<p>La norma adopt\u00f3 el criterio del Ejecutivo quien considera necesaria la apertura de la calle Camargo -seg\u00fan Ordenanza N\u00b0 23.475- pero parcialmente, no \u00abentre Humboldt y la proyecci\u00f3n de las v\u00edas elevadas del Ferrocarril San Mart\u00edn, a los fines de facilitar la permeabilidad y caminabilidad de la manzana en cuesti\u00f3n, como tambi\u00e9n la presencia dentro de la misma, del estadio del Club Atl\u00e9tico Atlanta, un micro estadio para eventos cerrado y la estaci\u00f3n Villa Crespo, todos ellos usos de gran afluencia de p\u00fablico concentrada en el tiempo\u00bb.<\/p>\n<p>En primera lectura la oposici\u00f3n argument\u00f3 en el Recinto que el tratamiento legislativo fue demasiado apresurado, incluso hubo diputados que aludieron a la privatizaci\u00f3n de la tierra p\u00fablica y a los problemas que generan a los vecinos el cambio de zonificaci\u00f3n. Finalmente, la aprobaci\u00f3n fue por 31 votos positivos, 13 negativos de los bloques UC, BP, AyL, FIT e IZ, y 11 abstenciones de los legisladores del GEN, socialistas, Claudio Cingolani, Maximiliano Ferraro, Cecilia Ferrero, Hern\u00e1n Reyes (VJ) y el bloque Evoluci\u00f3n.<\/p>\n","protected":false},"excerpt":{"rendered":"<p>Casi una treintena de vecinos y una funcionaria gubernamental se expresaron ayer martes en el marco de una Audiencia P\u00fablica respecto a la ley aprobada el a\u00f1o pasado en primera lectura que cambia la zonificaci\u00f3n para el sector denominado \u00abEntorno Estaci\u00f3n Villa Crespo\u00bb.La Directora General de Planeamiento Urbano -dependiente de la Secretar\u00eda de Desarrollo Urbano [&hellip;]<\/p>\n","protected":false},"author":1,"featured_media":2055,"comment_status":"open","ping_status":"open","sticky":false,"template":"","format":"standard","meta":{"_et_pb_use_builder":"","_et_pb_old_content":"","_et_gb_content_width":"","footnotes":""},"categories":[11,32],"tags":[],"class_list":["post-2054","post","type-post","status-publish","format-standard","has-post-thumbnail","hentry","category-ciudad","category-comunas"],"_links":{"self":[{"href":"https:\/\/vocesdebaires.com.ar\/index.php\/wp-json\/wp\/v2\/posts\/2054"}],"collection":[{"href":"https:\/\/vocesdebaires.com.ar\/index.php\/wp-json\/wp\/v2\/posts"}],"about":[{"href":"https:\/\/vocesdebaires.com.ar\/index.php\/wp-json\/wp\/v2\/types\/post"}],"author":[{"embeddable":true,"href":"https:\/\/vocesdebaires.com.ar\/index.php\/wp-json\/wp\/v2\/users\/1"}],"replies":[{"embeddable":true,"href":"https:\/\/vocesdebaires.com.ar\/index.php\/wp-json\/wp\/v2\/comments?post=2054"}],"version-history":[{"count":0,"href":"https:\/\/vocesdebaires.com.ar\/index.php\/wp-json\/wp\/v2\/posts\/2054\/revisions"}],"wp:featuredmedia":[{"embeddable":true,"href":"https:\/\/vocesdebaires.com.ar\/index.php\/wp-json\/wp\/v2\/media\/2055"}],"wp:attachment":[{"href":"https:\/\/vocesdebaires.com.ar\/index.php\/wp-json\/wp\/v2\/media?parent=2054"}],"wp:term":[{"taxonomy":"category","embeddable":true,"href":"https:\/\/vocesdebaires.com.ar\/index.php\/wp-json\/wp\/v2\/categories?post=2054"},{"taxonomy":"post_tag","embeddable":true,"href":"https:\/\/vocesdebaires.com.ar\/index.php\/wp-json\/wp\/v2\/tags?post=2054"}],"curies":[{"name":"wp","href":"https:\/\/api.w.org\/{rel}","templated":true}]}}