{"id":20543,"date":"2013-03-20T16:14:39","date_gmt":"2013-03-20T19:14:39","guid":{"rendered":"http:\/\/vocesdebaires.com.ar\/wordpress\/index.php\/2013\/03\/20\/el-rally-dakar-2014-arrancara-en-rosario-2\/"},"modified":"2013-03-20T16:14:39","modified_gmt":"2013-03-20T19:14:39","slug":"el-rally-dakar-2014-arrancara-en-rosario-2","status":"publish","type":"post","link":"https:\/\/vocesdebaires.com.ar\/index.php\/2013\/03\/20\/el-rally-dakar-2014-arrancara-en-rosario-2\/","title":{"rendered":"El Rally Dakar 2014 arrancar\u00e1 en Rosario"},"content":{"rendered":"<p>&lt;div class=&quot;bd&quot; style=&quot;padding: 0px; margin: 0px; outline: none 0px;&quot;&gt;<br \/>\n&lt;div class=&quot;bb-gti&quot; style=&quot;padding: 0px; margin: 0px; outline: none 0px;&quot;&gt;<br \/>\n&lt;div class=&quot;bb-tu first-t&quot; style=&quot;padding: 0px; margin: 0px; outline: none 0px; float: left; width: 670px;&quot;&gt;<br \/>\n&lt;div style=&quot;padding: 0px; margin: 0px; outline: none 0px; clear: both;&quot;&gt;<br \/>\n&lt;p style=&quot;padding: 0px; margin: 0px; outline: none 0px; font-family: Arial; line-height: 17px;&quot;&gt;La pr\u00f3xima edici\u00f3n del Rally Dakar tendr\u00e1 a la ciudad santafesina de Rosario como punto de partida. La misma ser\u00e1 el 5 de enero de 2014, seg\u00fan confirm\u00f3 hoy el director de la competencia, el franc\u00e9s Etienne Lavigne, en una conferencia de prensa que se realiz\u00f3 en Par\u00eds.La nueva edici\u00f3n del Dakar, la sexta en suelo sudamericano, tendr\u00e1 adem\u00e1s el debut de Bolivia como pa\u00eds n\u00famero 28 en la historia de la competencia y la ausencia de Per\u00fa.\u00a0&lt;br style=&quot;padding: 0px; margin: 0px; outline: none 0px;&quot; \/&gt;Si bien no hubo precisiones de cada una de las etapas, Lavigne confirm\u00f3 que la largada ser\u00e1 en Rosario y el d\u00eda de descanso en Salta, el 11 de enero. Con la largada en Rosario, Argentina vuelve a ser el punto de inicio de la competencia, ya que lo fue en 2009, 2010 y 2011, en Buenos Aires, y en 2012, en Mar del Plata, pero en la \u00faltima edici\u00f3n, en 2013, comenz\u00f3 en Lima, Per\u00fa, que no fue incluido para la pr\u00f3xima edici\u00f3n.Las inscripciones para la competencia, que tendr\u00e1 el cierre el 18 de enero en Valpara\u00edso (Chile),\u00a0 comenzar\u00e1n el 15 de mayo y finalizar\u00e1n el 1 de noviembre.<br \/>\n&lt;p style=&quot;padding: 0px; margin: 0px; outline: none 0px; font-family: Arial; line-height: 17px;&quot;&gt;\u00a0<br \/>\n&lt;\/div&gt;<br \/>\n&lt;\/div&gt;<br \/>\n&lt;\/div&gt;<br \/>\n&lt;\/div&gt;<br \/>\n&lt;div id=&quot;outbrain_widget_0&quot; class=&quot;OUTBRAIN&quot; style=&quot;padding: 0px; margin: 0px; outline: none 0px;&quot;&gt;<br \/>\n&lt;div class=&quot;ob_strip_container AR_1&quot; style=&quot;padding: 0px; margin: 0px; outline: none 0px;&quot;&gt;&lt;span class=&quot;ob_empty&quot; style=&quot;padding: 0px; margin: 0px; outline: none 0px; color: #000000; font-family: Arial, Helvetica, sans-serif; font-size: 13px; line-height: 16px;&quot;&gt; &lt;span style=&quot;color: #000000; font-family: Arial, Helvetica, sans-serif; font-size: 13px; line-height: 16px;&quot;&gt; &lt;span style=&quot;color: #000000; font-family: Arial, Helvetica, sans-serif; font-size: 13px; line-height: 16px;&quot;&gt; &lt;span style=&quot;color: #000000; font-family: Arial, Helvetica, sans-serif; font-size: 13px; line-height: 16px;&quot;&gt; &lt;\/div&gt;<br \/>\n&lt;\/div&gt;<br \/>\n\u00a0<\/p>\n","protected":false},"excerpt":{"rendered":"<p>&lt;div class=&quot;bd&quot; style=&quot;padding: 0px; margin: 0px; outline: none 0px;&quot;&gt; &lt;div class=&quot;bb-gti&quot; style=&quot;padding: 0px; margin: 0px; outline: none 0px;&quot;&gt; &lt;div class=&quot;bb-tu first-t&quot; style=&quot;padding: 0px; margin: 0px; outline: none 0px; float: left; width: 670px;&quot;&gt; &lt;div style=&quot;padding: 0px; margin: 0px; outline: none 0px; clear: both;&quot;&gt; &lt;p style=&quot;padding: 0px; margin: 0px; outline: none 0px; font-family: Arial; line-height: 17px;&quot;&gt;La pr\u00f3xima [&hellip;]<\/p>\n","protected":false},"author":2,"featured_media":18233,"comment_status":"open","ping_status":"open","sticky":false,"template":"","format":"standard","meta":{"_et_pb_use_builder":"","_et_pb_old_content":"","_et_gb_content_width":"","footnotes":""},"categories":[14,46],"tags":[],"class_list":["post-20543","post","type-post","status-publish","format-standard","has-post-thumbnail","hentry","category-deportes","category-polideportiva"],"_links":{"self":[{"href":"https:\/\/vocesdebaires.com.ar\/index.php\/wp-json\/wp\/v2\/posts\/20543"}],"collection":[{"href":"https:\/\/vocesdebaires.com.ar\/index.php\/wp-json\/wp\/v2\/posts"}],"about":[{"href":"https:\/\/vocesdebaires.com.ar\/index.php\/wp-json\/wp\/v2\/types\/post"}],"author":[{"embeddable":true,"href":"https:\/\/vocesdebaires.com.ar\/index.php\/wp-json\/wp\/v2\/users\/2"}],"replies":[{"embeddable":true,"href":"https:\/\/vocesdebaires.com.ar\/index.php\/wp-json\/wp\/v2\/comments?post=20543"}],"version-history":[{"count":0,"href":"https:\/\/vocesdebaires.com.ar\/index.php\/wp-json\/wp\/v2\/posts\/20543\/revisions"}],"wp:featuredmedia":[{"embeddable":true,"href":"https:\/\/vocesdebaires.com.ar\/index.php\/wp-json\/wp\/v2\/media\/18233"}],"wp:attachment":[{"href":"https:\/\/vocesdebaires.com.ar\/index.php\/wp-json\/wp\/v2\/media?parent=20543"}],"wp:term":[{"taxonomy":"category","embeddable":true,"href":"https:\/\/vocesdebaires.com.ar\/index.php\/wp-json\/wp\/v2\/categories?post=20543"},{"taxonomy":"post_tag","embeddable":true,"href":"https:\/\/vocesdebaires.com.ar\/index.php\/wp-json\/wp\/v2\/tags?post=20543"}],"curies":[{"name":"wp","href":"https:\/\/api.w.org\/{rel}","templated":true}]}}