{"id":20610,"date":"2013-04-03T20:54:34","date_gmt":"2013-04-03T23:54:34","guid":{"rendered":"http:\/\/vocesdebaires.com.ar\/wordpress\/index.php\/2013\/04\/03\/del-potro-volveria-a-jugar-en-montecarlo-2\/"},"modified":"2013-04-03T20:54:34","modified_gmt":"2013-04-03T23:54:34","slug":"del-potro-volveria-a-jugar-en-montecarlo-2","status":"publish","type":"post","link":"https:\/\/vocesdebaires.com.ar\/index.php\/2013\/04\/03\/del-potro-volveria-a-jugar-en-montecarlo-2\/","title":{"rendered":"Del Potro volver\u00eda a jugar en Montecarlo"},"content":{"rendered":"<p>Juan Mart\u00edn del Potro, que hab\u00eda determinado no participar del Masters 1000 de Montecarlo, revirti\u00f3 su decisi\u00f3n y pidi\u00f3 un wild card para concurrir al certamen. \u201cEstamos contentos de recibirlo por segunda vez en el Principado, es un gran placer para nuestro p\u00fablico\u201d, expres\u00f3 el organizador del torneo.<br \/>\n\u00a0<\/p>\n","protected":false},"excerpt":{"rendered":"<p>Juan Mart\u00edn del Potro, que hab\u00eda determinado no participar del Masters 1000 de Montecarlo, revirti\u00f3 su decisi\u00f3n y pidi\u00f3 un wild card para concurrir al certamen. \u201cEstamos contentos de recibirlo por segunda vez en el Principado, es un gran placer para nuestro p\u00fablico\u201d, expres\u00f3 el organizador del torneo. \u00a0<\/p>\n","protected":false},"author":2,"featured_media":18207,"comment_status":"open","ping_status":"open","sticky":false,"template":"","format":"standard","meta":{"_et_pb_use_builder":"","_et_pb_old_content":"","_et_gb_content_width":"","footnotes":""},"categories":[14,51],"tags":[],"class_list":["post-20610","post","type-post","status-publish","format-standard","has-post-thumbnail","hentry","category-deportes","category-tenis"],"_links":{"self":[{"href":"https:\/\/vocesdebaires.com.ar\/index.php\/wp-json\/wp\/v2\/posts\/20610"}],"collection":[{"href":"https:\/\/vocesdebaires.com.ar\/index.php\/wp-json\/wp\/v2\/posts"}],"about":[{"href":"https:\/\/vocesdebaires.com.ar\/index.php\/wp-json\/wp\/v2\/types\/post"}],"author":[{"embeddable":true,"href":"https:\/\/vocesdebaires.com.ar\/index.php\/wp-json\/wp\/v2\/users\/2"}],"replies":[{"embeddable":true,"href":"https:\/\/vocesdebaires.com.ar\/index.php\/wp-json\/wp\/v2\/comments?post=20610"}],"version-history":[{"count":0,"href":"https:\/\/vocesdebaires.com.ar\/index.php\/wp-json\/wp\/v2\/posts\/20610\/revisions"}],"wp:featuredmedia":[{"embeddable":true,"href":"https:\/\/vocesdebaires.com.ar\/index.php\/wp-json\/wp\/v2\/media\/18207"}],"wp:attachment":[{"href":"https:\/\/vocesdebaires.com.ar\/index.php\/wp-json\/wp\/v2\/media?parent=20610"}],"wp:term":[{"taxonomy":"category","embeddable":true,"href":"https:\/\/vocesdebaires.com.ar\/index.php\/wp-json\/wp\/v2\/categories?post=20610"},{"taxonomy":"post_tag","embeddable":true,"href":"https:\/\/vocesdebaires.com.ar\/index.php\/wp-json\/wp\/v2\/tags?post=20610"}],"curies":[{"name":"wp","href":"https:\/\/api.w.org\/{rel}","templated":true}]}}