{"id":20612,"date":"2013-04-03T21:10:07","date_gmt":"2013-04-04T00:10:07","guid":{"rendered":"http:\/\/vocesdebaires.com.ar\/wordpress\/index.php\/2013\/04\/03\/veron-cargo-contra-los-politicos-2\/"},"modified":"2013-04-03T21:10:07","modified_gmt":"2013-04-04T00:10:07","slug":"veron-cargo-contra-los-politicos-2","status":"publish","type":"post","link":"https:\/\/vocesdebaires.com.ar\/index.php\/2013\/04\/03\/veron-cargo-contra-los-politicos-2\/","title":{"rendered":"Ver\u00f3n carg\u00f3 contra los pol\u00edticos"},"content":{"rendered":"<p>Referente m\u00e1ximo de Estudiantes y residente de la ciudad de La Plata, Juan Sebasti\u00e1n Ver\u00f3n revel\u00f3 que tiene gente conocida que \u201cno aparece\u201d a causa del feroz temporal que dej\u00f3 al menos 35 muertos, y arremeti\u00f3 contra las autoridades pol\u00edticas al resaltar que \u201cte corren por todos lados para sacarte un mango\u201d con los impuestos sin que ese dinero vaya luego a las inversiones que se necesitan. Sin brindar nombres propios, Ver\u00f3n arremeti\u00f3 contra los pol\u00edticos por cruzarse responsabilidades sin ponerse al servicio de los afectados y resalt\u00f3 que la tragedia que golpe\u00f3 a la ciudad de La Plata demuestra que los impuestos aumentan pero no se invierten en lo que la gente precisa.<br \/>\n \u201cMe da tristeza que la gente se tire las culpas en lugar de ponerse a disposici\u00f3n de la gente que lo necesita\u201d, fustig\u00f3 Ver\u00f3n en di\u00e1logo con radio La Red. El ex jugador de Boca, Inter, Sampdoria y Manchester United, entre otros equipos, fue duro con las autoridades pol\u00edticas y se quej\u00f3: \u201cSuben los impuestos, \u00bfpara qu\u00e9? Para despu\u00e9s ver esto, much\u00edsima gente que est\u00e1 sufriendo porque pierde todo y va a ser dif\u00edcil que pueda volver a tener lo que ten\u00eda\u201d. \u201cEs realmente preocupante. Cuando hay este tipo de cosas se ven las miserias de la gente que est\u00e1 a cargo. Hay una carrera pol\u00edtica, una carrera de ver de d\u00f3nde se saca, de d\u00f3nde se recauda, sin pensar en la necesidad que tiene el ciudadano\u201d, sostuvo.<br \/>\n Y continu\u00f3 con la cr\u00edtica: \u201cCon los impuestos te corren de todos lados para sacarte un mango y hoy ves las consecuencias. \u00bfY a d\u00f3nde va (la plata)? Porque no se nota que va a los lugares necesarios\u201d. Describi\u00f3 que la ciudad de La Plata hoy es \u201cuna olla\u201d y que la infraestructura \u201ces muy pobre para este tipo de casos\u201d. \u201cEstamos incomunicados, las l\u00edneas est\u00e1n colapsadas. Tenemos gente conocida que no aparece\u201d, se preocup\u00f3 Ver\u00f3n al hablar por radio La Redl. Actual manager de Estudiantes, adelant\u00f3 que el club se \u201cva a poner a disposici\u00f3n del ciudadano\u201d de La Plata y ofreci\u00f3 el country de City Bell y, cuando se libere, la sede tambi\u00e9n, para que la gente pueda entregar alimentos, colchones, frazadas y ropa para repartir entre los afectados. Tambi\u00e9n adelant\u00f3 que el club preparar\u00e1 \u201calgo para ayudar\u201d a la gente que m\u00e1s problemas sufri\u00f3 con la intensa lluvia que azot\u00f3 anoche la \u201cCiudad de las Diagonales\u201d.<br \/>\n\u00a0<\/p>\n","protected":false},"excerpt":{"rendered":"<p>Referente m\u00e1ximo de Estudiantes y residente de la ciudad de La Plata, Juan Sebasti\u00e1n Ver\u00f3n revel\u00f3 que tiene gente conocida que \u201cno aparece\u201d a causa del feroz temporal que dej\u00f3 al menos 35 muertos, y arremeti\u00f3 contra las autoridades pol\u00edticas al resaltar que \u201cte corren por todos lados para sacarte un mango\u201d con los impuestos [&hellip;]<\/p>\n","protected":false},"author":2,"featured_media":18357,"comment_status":"open","ping_status":"open","sticky":false,"template":"","format":"standard","meta":{"_et_pb_use_builder":"","_et_pb_old_content":"","_et_gb_content_width":"","footnotes":""},"categories":[39,14],"tags":[],"class_list":["post-20612","post","type-post","status-publish","format-standard","has-post-thumbnail","hentry","category-1o-division-a","category-deportes"],"_links":{"self":[{"href":"https:\/\/vocesdebaires.com.ar\/index.php\/wp-json\/wp\/v2\/posts\/20612"}],"collection":[{"href":"https:\/\/vocesdebaires.com.ar\/index.php\/wp-json\/wp\/v2\/posts"}],"about":[{"href":"https:\/\/vocesdebaires.com.ar\/index.php\/wp-json\/wp\/v2\/types\/post"}],"author":[{"embeddable":true,"href":"https:\/\/vocesdebaires.com.ar\/index.php\/wp-json\/wp\/v2\/users\/2"}],"replies":[{"embeddable":true,"href":"https:\/\/vocesdebaires.com.ar\/index.php\/wp-json\/wp\/v2\/comments?post=20612"}],"version-history":[{"count":0,"href":"https:\/\/vocesdebaires.com.ar\/index.php\/wp-json\/wp\/v2\/posts\/20612\/revisions"}],"wp:featuredmedia":[{"embeddable":true,"href":"https:\/\/vocesdebaires.com.ar\/index.php\/wp-json\/wp\/v2\/media\/18357"}],"wp:attachment":[{"href":"https:\/\/vocesdebaires.com.ar\/index.php\/wp-json\/wp\/v2\/media?parent=20612"}],"wp:term":[{"taxonomy":"category","embeddable":true,"href":"https:\/\/vocesdebaires.com.ar\/index.php\/wp-json\/wp\/v2\/categories?post=20612"},{"taxonomy":"post_tag","embeddable":true,"href":"https:\/\/vocesdebaires.com.ar\/index.php\/wp-json\/wp\/v2\/tags?post=20612"}],"curies":[{"name":"wp","href":"https:\/\/api.w.org\/{rel}","templated":true}]}}