{"id":20638,"date":"2013-05-02T22:00:46","date_gmt":"2013-05-03T01:00:46","guid":{"rendered":"http:\/\/vocesdebaires.com.ar\/wordpress\/index.php\/2013\/05\/02\/arbitros-de-primera-b-fecha-38-2\/"},"modified":"2013-05-02T22:00:46","modified_gmt":"2013-05-03T01:00:46","slug":"arbitros-de-primera-b-fecha-38-2","status":"publish","type":"post","link":"https:\/\/vocesdebaires.com.ar\/index.php\/2013\/05\/02\/arbitros-de-primera-b-fecha-38-2\/","title":{"rendered":"\u00c1rbitros de Primera B, fecha 38"},"content":{"rendered":"<p>A continuaci\u00f3n se detallan los jueces y la programaci\u00f3n para los partidos de este fin de semana, correspondientes a la Primera B<br \/>\n Primera B, fecha 38<br \/>\nS\u00e1bado 4 de mayo<br \/>\n13.00&#8211; San Telmo-Ctral. C\u00f3rdoba, \u00e1rbitro: Gast\u00f3n Meineri<br \/>\n13.00&#8211; Brown de Adrogu\u00e9-Flandria, \u00e1rbitro: Cristian Ben\u00edtez<br \/>\n13.05&#8211; Acassuso-Platense, \u00e1rbitro: Lucas Di Bastiano (en Deportivo Armenio) (TV)<br \/>\n15.30&#8211; Def. de Belgrano-Temperley, \u00e1rbitro: Gonzalo L\u00f3pez Aldazabal<br \/>\n15.30&#8211; Barracas Ctral.-Colegiales, \u00e1rbitro: Hern\u00e1n Mastr\u00e1ngelo<br \/>\n17.00&#8211; Villa D\u00e1lmine-Villa San Carlos, \u00e1rbitro: Pablo D\u00f3valo (TV)<br \/>\n21.00&#8211; Dep. Mor\u00f3n-Comunicaciones, \u00e1rbitro: Pablo Gim\u00e9nez<br \/>\n\u00a0<br \/>\nLunes 6 de mayo<br \/>\n20.00&#8211; Chacarita Juniors&#8211;Dep. Armenio, \u00e1rbitro: Carlos Stoklas<br \/>\n\u00a0<br \/>\nMartes 7 de mayo<br \/>\n15.00&#8211; Estudiantes-Almagro, \u00e1rbitro: Paulo Vigliano (TV)<br \/>\n21.00&#8211; Los Andes-Atlanta, \u00e1rbitro: Eduardo Gutierrez (TV<br \/>\n\u00a0<\/p>\n","protected":false},"excerpt":{"rendered":"<p>A continuaci\u00f3n se detallan los jueces y la programaci\u00f3n para los partidos de este fin de semana, correspondientes a la Primera B Primera B, fecha 38 S\u00e1bado 4 de mayo 13.00&#8211; San Telmo-Ctral. C\u00f3rdoba, \u00e1rbitro: Gast\u00f3n Meineri 13.00&#8211; Brown de Adrogu\u00e9-Flandria, \u00e1rbitro: Cristian Ben\u00edtez 13.05&#8211; Acassuso-Platense, \u00e1rbitro: Lucas Di Bastiano (en Deportivo Armenio) (TV) 15.30&#8211; [&hellip;]<\/p>\n","protected":false},"author":2,"featured_media":15942,"comment_status":"open","ping_status":"open","sticky":false,"template":"","format":"standard","meta":{"_et_pb_use_builder":"","_et_pb_old_content":"","_et_gb_content_width":"","footnotes":""},"categories":[53,14],"tags":[],"class_list":["post-20638","post","type-post","status-publish","format-standard","has-post-thumbnail","hentry","category-1o-b-metropolitana","category-deportes"],"_links":{"self":[{"href":"https:\/\/vocesdebaires.com.ar\/index.php\/wp-json\/wp\/v2\/posts\/20638"}],"collection":[{"href":"https:\/\/vocesdebaires.com.ar\/index.php\/wp-json\/wp\/v2\/posts"}],"about":[{"href":"https:\/\/vocesdebaires.com.ar\/index.php\/wp-json\/wp\/v2\/types\/post"}],"author":[{"embeddable":true,"href":"https:\/\/vocesdebaires.com.ar\/index.php\/wp-json\/wp\/v2\/users\/2"}],"replies":[{"embeddable":true,"href":"https:\/\/vocesdebaires.com.ar\/index.php\/wp-json\/wp\/v2\/comments?post=20638"}],"version-history":[{"count":0,"href":"https:\/\/vocesdebaires.com.ar\/index.php\/wp-json\/wp\/v2\/posts\/20638\/revisions"}],"wp:featuredmedia":[{"embeddable":true,"href":"https:\/\/vocesdebaires.com.ar\/index.php\/wp-json\/wp\/v2\/media\/15942"}],"wp:attachment":[{"href":"https:\/\/vocesdebaires.com.ar\/index.php\/wp-json\/wp\/v2\/media?parent=20638"}],"wp:term":[{"taxonomy":"category","embeddable":true,"href":"https:\/\/vocesdebaires.com.ar\/index.php\/wp-json\/wp\/v2\/categories?post=20638"},{"taxonomy":"post_tag","embeddable":true,"href":"https:\/\/vocesdebaires.com.ar\/index.php\/wp-json\/wp\/v2\/tags?post=20638"}],"curies":[{"name":"wp","href":"https:\/\/api.w.org\/{rel}","templated":true}]}}