{"id":20639,"date":"2013-05-02T22:22:56","date_gmt":"2013-05-03T01:22:56","guid":{"rendered":"http:\/\/vocesdebaires.com.ar\/wordpress\/index.php\/2013\/05\/02\/sigue-jugandose-la-copa-argentina-2\/"},"modified":"2013-05-02T22:22:56","modified_gmt":"2013-05-03T01:22:56","slug":"sigue-jugandose-la-copa-argentina-2","status":"publish","type":"post","link":"https:\/\/vocesdebaires.com.ar\/index.php\/2013\/05\/02\/sigue-jugandose-la-copa-argentina-2\/","title":{"rendered":"Sigue jug\u00e1ndose la Copa Argentina"},"content":{"rendered":"<p>A continuaci\u00f3n se detalla la programaci\u00f3n de la Fase Final &#8211; 16avos. de la Copa Argentina 2012\/2013 y los resultados registrados hasta el momento.<br \/>\n Fase Final &#8211; 16vos.<br \/>\n Jueves 2 de mayo<br \/>\n20.15&#8211; Estudiantes de La Plata-Atl\u00e9tico Tucum\u00e1n (Sede Catamarca\/Estadio Bicentenario) (TV), \u00e1rbitro: Facundo Tello<br \/>\n\u00a0<br \/>\nMi\u00e9rcoles 8 de mayo<br \/>\n19.00&#8211; Juventud Antoniana de Salta-Banfield (Sede Catamarca\/Estadio Bicentenario)<br \/>\n\u00a0<br \/>\nJueves 9 de mayo<br \/>\n21.00&#8211; Sportivo Belgrano de San Francisco-Talleres de C\u00f3rdoba (Sede C\u00f3rdoba\/Estadio Mario A. Kempes)<br \/>\n\u00a0<br \/>\nMi\u00e9rcoles 15 de mayo<br \/>\nDeportivo Mor\u00f3n-San Lorenzo de Almagro (Sede Buenos Aires\/en estadio C.C.Platense)<br \/>\n\u00a0<br \/>\nMartes 21 de mayo<br \/>\nPlatense-Arsenal FC (Sede Catamarca\/Estadio Bicentenario)<br \/>\n\u00a0<br \/>\nMi\u00e9rcoles 22 de mayo<br \/>\nIndependiente-Boca Unidos de Corrientes (Sede Chaco\/Estadio de Sarmiento de Resistencia)<br \/>\n\u00a0<\/p>\n","protected":false},"excerpt":{"rendered":"<p>A continuaci\u00f3n se detalla la programaci\u00f3n de la Fase Final &#8211; 16avos. de la Copa Argentina 2012\/2013 y los resultados registrados hasta el momento. Fase Final &#8211; 16vos. Jueves 2 de mayo 20.15&#8211; Estudiantes de La Plata-Atl\u00e9tico Tucum\u00e1n (Sede Catamarca\/Estadio Bicentenario) (TV), \u00e1rbitro: Facundo Tello \u00a0 Mi\u00e9rcoles 8 de mayo 19.00&#8211; Juventud Antoniana de Salta-Banfield [&hellip;]<\/p>\n","protected":false},"author":2,"featured_media":18409,"comment_status":"open","ping_status":"open","sticky":false,"template":"","format":"standard","meta":{"_et_pb_use_builder":"","_et_pb_old_content":"","_et_gb_content_width":"","footnotes":""},"categories":[39,14],"tags":[],"class_list":["post-20639","post","type-post","status-publish","format-standard","has-post-thumbnail","hentry","category-1o-division-a","category-deportes"],"_links":{"self":[{"href":"https:\/\/vocesdebaires.com.ar\/index.php\/wp-json\/wp\/v2\/posts\/20639"}],"collection":[{"href":"https:\/\/vocesdebaires.com.ar\/index.php\/wp-json\/wp\/v2\/posts"}],"about":[{"href":"https:\/\/vocesdebaires.com.ar\/index.php\/wp-json\/wp\/v2\/types\/post"}],"author":[{"embeddable":true,"href":"https:\/\/vocesdebaires.com.ar\/index.php\/wp-json\/wp\/v2\/users\/2"}],"replies":[{"embeddable":true,"href":"https:\/\/vocesdebaires.com.ar\/index.php\/wp-json\/wp\/v2\/comments?post=20639"}],"version-history":[{"count":0,"href":"https:\/\/vocesdebaires.com.ar\/index.php\/wp-json\/wp\/v2\/posts\/20639\/revisions"}],"wp:featuredmedia":[{"embeddable":true,"href":"https:\/\/vocesdebaires.com.ar\/index.php\/wp-json\/wp\/v2\/media\/18409"}],"wp:attachment":[{"href":"https:\/\/vocesdebaires.com.ar\/index.php\/wp-json\/wp\/v2\/media?parent=20639"}],"wp:term":[{"taxonomy":"category","embeddable":true,"href":"https:\/\/vocesdebaires.com.ar\/index.php\/wp-json\/wp\/v2\/categories?post=20639"},{"taxonomy":"post_tag","embeddable":true,"href":"https:\/\/vocesdebaires.com.ar\/index.php\/wp-json\/wp\/v2\/tags?post=20639"}],"curies":[{"name":"wp","href":"https:\/\/api.w.org\/{rel}","templated":true}]}}