{"id":2066,"date":"2020-03-10T04:03:35","date_gmt":"2020-03-10T07:03:35","guid":{"rendered":"http:\/\/vocesdebaires.com.ar\/wordpress\/index.php\/2020\/03\/10\/coronavirus-capacitacion-a-trabajadores-de-pami\/"},"modified":"2020-03-10T04:03:35","modified_gmt":"2020-03-10T07:03:35","slug":"coronavirus-capacitacion-a-trabajadores-de-pami","status":"publish","type":"post","link":"https:\/\/vocesdebaires.com.ar\/index.php\/2020\/03\/10\/coronavirus-capacitacion-a-trabajadores-de-pami\/","title":{"rendered":"Coronavirus: Capacitaci\u00f3n a trabajadores de PAMI"},"content":{"rendered":"<p>El personal que atiende los llamados del servicio PAMI Escucha recibi\u00f3\u00a0 ayer una capacitaci\u00f3n a fin de brindar una respuesta eficaz a las dudas e inquietudes de las personas afiliadas acerca del coronavirus. La actividad estuvo a cargo de Yanina Miragaya, Coordinadora de Epidemiolog\u00eda y Riesgo Sanitario del Instituto, y cont\u00f3 con la presencia de Miguel Mart\u00ednez, Gerente de Asuntos P\u00fablicos e Interdisciplinarios de PAMI.<\/p>\n<p>Miragaya dio un detalle exhaustivo del protocolo de prevenci\u00f3n activado por la obra social en un trabajo colaborativo realizado junto a las autoridades del Ministerio de Salud de la Naci\u00f3n, de cuya implementaci\u00f3n participan tanto los m\u00e9dicos de cabecera, as\u00ed como el conjunto de los prestadores privados y p\u00fablicos. \u201cLas y los trabajadores de PAMI Escucha que reciben la llamada de una persona preocupada por una posible presencia de coronavirus deben constatar que se presenten tres caracter\u00edsticas para determinar si esa demanda debe ser elevada a nuestros especialistas\u201d, indic\u00f3 Miragaya.<\/p>\n<p>En ese sentido, inform\u00f3 que \u201cse buscar\u00e1 saber si esa persona tiene fiebre y dificultad respiratoria, adem\u00e1s de conocer el posible nexo epidemiol\u00f3gico -es decir, si estuvo de viaje o en contacto con alguna persona que haya viajado a los lugares de circulaci\u00f3n viral o con alguien que sea un caso probable o sospechoso de coronavirus-. En ese caso, el consejo de la instituci\u00f3n es evitar el contacto con terceros mediante el uso de barbijo quir\u00fargico y dirigirse a la guardia m\u00e9dica que le corresponda\u00bb. Adem\u00e1s, Miragaya destac\u00f3 la importancia de mantener el calendario de vacunaci\u00f3n vigente, ya que \u00abrefuerza el estado inmunol\u00f3gico del paciente\u00bb.<\/p>\n<p>\u201cQueremos articular una interacci\u00f3n inteligente y preventiva. PAMI Escucha es un \u00e1rea estrat\u00e9gica del Instituto porque nos permite estar notificados en tiempo real de los problemas de nuestras afiliadas y afiliados\u201d, recalc\u00f3 Miguel Mart\u00ednez. El Servicio PAMI Escucha y Responde es el Centro Integral de Atenci\u00f3n Telef\u00f3nica de PAMI, que se ocupa de recibir, responder y gestionar las consultas, sugerencias y reclamos de personas afiliadas y familiares\u00a0 sobre temas relacionados con los servicios y prestaciones del Instituto. La atenci\u00f3n se realiza en todo el pa\u00eds en los n\u00fameros gratuitos 138 y 0800-222-7264. Los afiliados tambi\u00e9n pueden realizar sus consultas y reclamos a trav\u00e9s de la p\u00e1gina web: <a href=\"https:\/\/www.pami.org.ar\/pami-escucha\">https:\/\/www.pami.org.ar\/pami-escucha<\/a>.<\/p>\n","protected":false},"excerpt":{"rendered":"<p>El personal que atiende los llamados del servicio PAMI Escucha recibi\u00f3\u00a0 ayer una capacitaci\u00f3n a fin de brindar una respuesta eficaz a las dudas e inquietudes de las personas afiliadas acerca del coronavirus. La actividad estuvo a cargo de Yanina Miragaya, Coordinadora de Epidemiolog\u00eda y Riesgo Sanitario del Instituto, y cont\u00f3 con la presencia de [&hellip;]<\/p>\n","protected":false},"author":1,"featured_media":450,"comment_status":"open","ping_status":"open","sticky":false,"template":"","format":"standard","meta":{"_et_pb_use_builder":"","_et_pb_old_content":"","_et_gb_content_width":"","footnotes":""},"categories":[11,33],"tags":[],"class_list":["post-2066","post","type-post","status-publish","format-standard","has-post-thumbnail","hentry","category-ciudad","category-sociedad-y-cultura-2"],"_links":{"self":[{"href":"https:\/\/vocesdebaires.com.ar\/index.php\/wp-json\/wp\/v2\/posts\/2066"}],"collection":[{"href":"https:\/\/vocesdebaires.com.ar\/index.php\/wp-json\/wp\/v2\/posts"}],"about":[{"href":"https:\/\/vocesdebaires.com.ar\/index.php\/wp-json\/wp\/v2\/types\/post"}],"author":[{"embeddable":true,"href":"https:\/\/vocesdebaires.com.ar\/index.php\/wp-json\/wp\/v2\/users\/1"}],"replies":[{"embeddable":true,"href":"https:\/\/vocesdebaires.com.ar\/index.php\/wp-json\/wp\/v2\/comments?post=2066"}],"version-history":[{"count":0,"href":"https:\/\/vocesdebaires.com.ar\/index.php\/wp-json\/wp\/v2\/posts\/2066\/revisions"}],"wp:featuredmedia":[{"embeddable":true,"href":"https:\/\/vocesdebaires.com.ar\/index.php\/wp-json\/wp\/v2\/media\/450"}],"wp:attachment":[{"href":"https:\/\/vocesdebaires.com.ar\/index.php\/wp-json\/wp\/v2\/media?parent=2066"}],"wp:term":[{"taxonomy":"category","embeddable":true,"href":"https:\/\/vocesdebaires.com.ar\/index.php\/wp-json\/wp\/v2\/categories?post=2066"},{"taxonomy":"post_tag","embeddable":true,"href":"https:\/\/vocesdebaires.com.ar\/index.php\/wp-json\/wp\/v2\/tags?post=2066"}],"curies":[{"name":"wp","href":"https:\/\/api.w.org\/{rel}","templated":true}]}}