{"id":2067,"date":"2020-03-10T03:52:44","date_gmt":"2020-03-10T06:52:44","guid":{"rendered":"http:\/\/vocesdebaires.com.ar\/wordpress\/index.php\/2020\/03\/10\/enfermeria-convocatoria-para-participar-haybecas\/"},"modified":"2020-03-10T03:52:44","modified_gmt":"2020-03-10T06:52:44","slug":"enfermeria-convocatoria-para-participar-haybecas","status":"publish","type":"post","link":"https:\/\/vocesdebaires.com.ar\/index.php\/2020\/03\/10\/enfermeria-convocatoria-para-participar-haybecas\/","title":{"rendered":"Enfermer\u00eda convocatoria para participar , haybecas"},"content":{"rendered":"<p>Seg\u00fan el \u00faltimo informe de la Organizaci\u00f3n Mundial de la Salud, la Enfermer\u00eda en Argentina posee una de las tasas m\u00e1s bajas de profesionales por habitante de la regi\u00f3n con 4.24 enfermeros cada 10000 habitantes. Junto al Instituto Padre Luis Tezza ,te invitamos a participar por una de las 70 becas #Potenciate de formaci\u00f3n en Enfermer\u00eda para que puedas capacitarte junto a profesionales de la salud.<\/p>\n<p>Requisitos para participar<br \/>Ser ciudadano argentino o residente permanente en el pa\u00eds, con domicilio en la Rep\u00fablica Argentina.<br \/>Tener entre dieciocho (18) y treinta (30) a\u00f1os.<br \/>Poseer t\u00edtulo secundario.<br \/>Per\u00edodo de Inscripci\u00f3n<br \/>Comienza el d\u00eda de su publicaci\u00f3n en las redes y finaliza el 16 de marzo de 2020 a las 8 horas.<\/p>\n<p>Potenciate.<br \/>Bases y condiciones: <a href=\"https:\/\/www.facebook.com\/notes\/bajoven\/potenciate-particip%C3%A1-por-una-de-las-70-becas-en-enfermer%C3%ADa-instituto-padre-luis-\/2914751931896867\/\">https:\/\/www.facebook.com\/notes\/bajoven\/potenciate-particip%C3%A1-por-una-de-las-70-becas-en-enfermer%C3%ADa-instituto-padre-luis-\/2914751931896867\/<\/a><\/p>\n","protected":false},"excerpt":{"rendered":"<p>Seg\u00fan el \u00faltimo informe de la Organizaci\u00f3n Mundial de la Salud, la Enfermer\u00eda en Argentina posee una de las tasas m\u00e1s bajas de profesionales por habitante de la regi\u00f3n con 4.24 enfermeros cada 10000 habitantes. Junto al Instituto Padre Luis Tezza ,te invitamos a participar por una de las 70 becas #Potenciate de formaci\u00f3n en [&hellip;]<\/p>\n","protected":false},"author":1,"featured_media":2068,"comment_status":"open","ping_status":"open","sticky":false,"template":"","format":"standard","meta":{"_et_pb_use_builder":"","_et_pb_old_content":"","_et_gb_content_width":"","footnotes":""},"categories":[11,33],"tags":[],"class_list":["post-2067","post","type-post","status-publish","format-standard","has-post-thumbnail","hentry","category-ciudad","category-sociedad-y-cultura-2"],"_links":{"self":[{"href":"https:\/\/vocesdebaires.com.ar\/index.php\/wp-json\/wp\/v2\/posts\/2067"}],"collection":[{"href":"https:\/\/vocesdebaires.com.ar\/index.php\/wp-json\/wp\/v2\/posts"}],"about":[{"href":"https:\/\/vocesdebaires.com.ar\/index.php\/wp-json\/wp\/v2\/types\/post"}],"author":[{"embeddable":true,"href":"https:\/\/vocesdebaires.com.ar\/index.php\/wp-json\/wp\/v2\/users\/1"}],"replies":[{"embeddable":true,"href":"https:\/\/vocesdebaires.com.ar\/index.php\/wp-json\/wp\/v2\/comments?post=2067"}],"version-history":[{"count":0,"href":"https:\/\/vocesdebaires.com.ar\/index.php\/wp-json\/wp\/v2\/posts\/2067\/revisions"}],"wp:featuredmedia":[{"embeddable":true,"href":"https:\/\/vocesdebaires.com.ar\/index.php\/wp-json\/wp\/v2\/media\/2068"}],"wp:attachment":[{"href":"https:\/\/vocesdebaires.com.ar\/index.php\/wp-json\/wp\/v2\/media?parent=2067"}],"wp:term":[{"taxonomy":"category","embeddable":true,"href":"https:\/\/vocesdebaires.com.ar\/index.php\/wp-json\/wp\/v2\/categories?post=2067"},{"taxonomy":"post_tag","embeddable":true,"href":"https:\/\/vocesdebaires.com.ar\/index.php\/wp-json\/wp\/v2\/tags?post=2067"}],"curies":[{"name":"wp","href":"https:\/\/api.w.org\/{rel}","templated":true}]}}