{"id":2077,"date":"2020-03-09T03:00:00","date_gmt":"2020-03-09T06:00:00","guid":{"rendered":"http:\/\/vocesdebaires.com.ar\/wordpress\/index.php\/2020\/03\/09\/subte-d-ya-cuentan-con-aire-acondicionado\/"},"modified":"2020-03-09T03:00:00","modified_gmt":"2020-03-09T06:00:00","slug":"subte-d-ya-cuentan-con-aire-acondicionado","status":"publish","type":"post","link":"https:\/\/vocesdebaires.com.ar\/index.php\/2020\/03\/09\/subte-d-ya-cuentan-con-aire-acondicionado\/","title":{"rendered":"Subte D: Ya cuentan con aire acondicionado"},"content":{"rendered":"<p>Dentro del Plan de Modernizaci\u00f3n de la L\u00ednea D alcanzamos el 100% de las formaciones con aire acondicionado, y as\u00ed sus casi 320 mil usuarios pueden viajar cada d\u00eda con m\u00e1s confort. En este sentido, con la incorporaci\u00f3n de 24 formaciones Alstom completamos la totalidad de la flota de la l\u00ednea con este diferencial. De esta manera, ya cuatro de las seis l\u00edneas de la red tienen todos sus coches con aire acondicionado. Adem\u00e1s, en una segunda etapa que est\u00e1 en proceso de licitaci\u00f3n, planificamos una renovaci\u00f3n del sistema de se\u00f1ales CBTC, que permite el m\u00e1ximo acercamiento entre formaciones de forma segura, reduciendo el intervalo al m\u00ednimo posible.<\/p>\n<p>Tambi\u00e9n, realizaremos obras de potencia, necesarias para atender la nueva demanda de energ\u00eda. As\u00ed, para 2023, estimamos finalizar este Plan de Modernizaci\u00f3n, que permitir\u00e1 aumentar un 30% la cantidad de formaciones circulando; reducir un 15% el tiempo de viaje entre cabeceras; alcanzar una frecuencia promedio de 2:15 minutos en hora pico y sumar 67 mil usuarios a la L\u00ednea D. El proyecto tambi\u00e9n incluye la ampliaci\u00f3n de la nueva Central Obelisco, un espacio donde combinan las l\u00edneas B, C y D y que es uno de los puntos m\u00e1s transitados de la red.<\/p>\n","protected":false},"excerpt":{"rendered":"<p>Dentro del Plan de Modernizaci\u00f3n de la L\u00ednea D alcanzamos el 100% de las formaciones con aire acondicionado, y as\u00ed sus casi 320 mil usuarios pueden viajar cada d\u00eda con m\u00e1s confort. En este sentido, con la incorporaci\u00f3n de 24 formaciones Alstom completamos la totalidad de la flota de la l\u00ednea con este diferencial. De [&hellip;]<\/p>\n","protected":false},"author":1,"featured_media":2078,"comment_status":"open","ping_status":"open","sticky":false,"template":"","format":"standard","meta":{"_et_pb_use_builder":"","_et_pb_old_content":"","_et_gb_content_width":"","footnotes":""},"categories":[11,33],"tags":[],"class_list":["post-2077","post","type-post","status-publish","format-standard","has-post-thumbnail","hentry","category-ciudad","category-sociedad-y-cultura-2"],"_links":{"self":[{"href":"https:\/\/vocesdebaires.com.ar\/index.php\/wp-json\/wp\/v2\/posts\/2077"}],"collection":[{"href":"https:\/\/vocesdebaires.com.ar\/index.php\/wp-json\/wp\/v2\/posts"}],"about":[{"href":"https:\/\/vocesdebaires.com.ar\/index.php\/wp-json\/wp\/v2\/types\/post"}],"author":[{"embeddable":true,"href":"https:\/\/vocesdebaires.com.ar\/index.php\/wp-json\/wp\/v2\/users\/1"}],"replies":[{"embeddable":true,"href":"https:\/\/vocesdebaires.com.ar\/index.php\/wp-json\/wp\/v2\/comments?post=2077"}],"version-history":[{"count":0,"href":"https:\/\/vocesdebaires.com.ar\/index.php\/wp-json\/wp\/v2\/posts\/2077\/revisions"}],"wp:featuredmedia":[{"embeddable":true,"href":"https:\/\/vocesdebaires.com.ar\/index.php\/wp-json\/wp\/v2\/media\/2078"}],"wp:attachment":[{"href":"https:\/\/vocesdebaires.com.ar\/index.php\/wp-json\/wp\/v2\/media?parent=2077"}],"wp:term":[{"taxonomy":"category","embeddable":true,"href":"https:\/\/vocesdebaires.com.ar\/index.php\/wp-json\/wp\/v2\/categories?post=2077"},{"taxonomy":"post_tag","embeddable":true,"href":"https:\/\/vocesdebaires.com.ar\/index.php\/wp-json\/wp\/v2\/tags?post=2077"}],"curies":[{"name":"wp","href":"https:\/\/api.w.org\/{rel}","templated":true}]}}