{"id":20851,"date":"2013-06-03T16:24:05","date_gmt":"2013-06-03T19:24:05","guid":{"rendered":"http:\/\/vocesdebaires.com.ar\/wordpress\/index.php\/2013\/06\/03\/los-convocados-del-medio-local-2\/"},"modified":"2013-06-03T16:24:05","modified_gmt":"2013-06-03T19:24:05","slug":"los-convocados-del-medio-local-2","status":"publish","type":"post","link":"https:\/\/vocesdebaires.com.ar\/index.php\/2013\/06\/03\/los-convocados-del-medio-local-2\/","title":{"rendered":"Los convocados del medio local"},"content":{"rendered":"<p>\u00a0<br \/>\nConvocados del medio local. Agust\u00edn Ori\u00f3n (Boca Juniors), Fernando Gago y Gino Peruzzi (V\u00e9lez Sarsfield) son los futbolistas del medio local convocados por el entrenador de la Selecci\u00f3n Argentina, Sr. Alejandro Sabella, para conformar el plantel que afrontar\u00e1 los pr\u00f3ximos compromisos por las Eliminatorias para Brasil 2014 ante Colombia (07\/06) y Ecuador (11\/06). Nota: Esta lista puede ser modificada en el curso de las pr\u00f3ximas horas. En el entrenamiento del s\u00e1bado, participaron: Romero, And\u00fajar, Lamela, Palacio, Zabaleta, Garay, Coloccini, Rojo, Basanta, Biglia, Aguero y Lavezzi. Estos futbolistas realizaron trabajos f\u00edsicos con el profesor Pablo Blanco y luego t\u00e1cticos, con el director t\u00e9cnico Alejandro Sabella y sus colaboradores, Juli\u00e1n Camino y Claudio Gugnali.Hicieron un ensayo de f\u00fatbol, en las que debieron cumplir ciertas consignas, en tres cuartos de cancha, once contra once, en cuatro m\u00f3dulos de 7 minutos. Del mismo participaron juveniles del sub 17.Sergio Romero y Mariano And\u00fajar, practicaron adem\u00e1s ejercicios propios del puesto, con el entrenador de arqueros Juan Jos\u00e9 Romero.<br \/>\n Lesionados<br \/>\nHugo Campagnaro realiz\u00f3 ejercicios diferenciados y Jos\u00e9 Sosa trabajos de rehabilitaci\u00f3n. Ambos est\u00e1n en recuperaci\u00f3n de sendas lesiones musculares, producidas en sus respectivos clubes: N\u00e1poli, de Italia y Metallist, de Ucrania.Los jugadores quedaron licenciados hasta hoy, d\u00eda en el que efectuar\u00e1n un nuevo entrenamiento, a partir de las 16.<br \/>\n Arribos<br \/>\n 03.06.13<br \/>\nGonzalo Higua\u00edn, Federico Fern\u00e1ndez, Ever Banega, por Iberia, a las 07.45<br \/>\nPablo Gui\u00f1az\u00fa, por A.A., a las 11.25<br \/>\nWalter Montillo, por TAM, a las 11.25<br \/>\n 04.06.13<br \/>\nJavier Mascherano, por A.A., a las 04.00<br \/>\nAngel Di Mar\u00eda, por Iberia, a las 07.45<br \/>\n Nota: Estos datos pueden sufrir modificaciones de \u00faltimo momento.<br \/>\n ATENCION A LA PRENSA<br \/>\n Los medios de prensa podr\u00e1n ingresar a observar parte del entrenamiento el pr\u00f3ximo martes, 4 de junio, a partir de las 11.15. Luego algunos jugadores atender\u00e1n al periodismo.<br \/>\nPara el pr\u00f3ximo jueves 6 del mes pr\u00f3ximo, en horario a confirmar, el director t\u00e9cnico Alejandro Sabella, ofrecer\u00e1 una conferencia de prensa.<br \/>\n Viajes a Ecuador y Guatemala<br \/>\nLa delegaci\u00f3n de la Selecci\u00f3n Argentina viajar\u00e1 el pr\u00f3ximo 9 del pr\u00f3ximo mes a Ecuador, donde el d\u00eda 11 jugar\u00e1 ante el Seleccionado local, por la fase clasificatoria para el mundial de la FIFA \u2013 Brasil 2014.<br \/>\n Lo har\u00e1 en primer t\u00e9rmino a Guayaquil, a las 17, en vuelo charter.<br \/>\nEn esa ciudad se alojar\u00e1 en el Hotel Hilton Col\u00f3n Guayaquil (tel. 593-4 2689000)-<br \/>\nEl d\u00eda 11, en vuelo charter, lo har\u00e1 a Quito, a las 12.20.<br \/>\nLuego del partido y cena en Quito, el grupo se trasladar\u00e1 a Guatemala, en vuelo charter, para el partido amistoso ante el seleccionado local, programado para el d\u00eda 14.<br \/>\nAll\u00ed se alojar\u00e1 en el Hotel Vista Real Guatemala. Tel. +502 2427 0003.<br \/>\n\u00a0<br \/>\nTras el partido, \u00a0la delegaci\u00f3n partir\u00e1 hacia Buenos Aires, siempre en vuelo charter, a las 0.30 del d\u00eda 15, estim\u00e1ndose el arribo a Ezeiza, a las 8.30.<\/p>\n","protected":false},"excerpt":{"rendered":"<p>\u00a0 Convocados del medio local. Agust\u00edn Ori\u00f3n (Boca Juniors), Fernando Gago y Gino Peruzzi (V\u00e9lez Sarsfield) son los futbolistas del medio local convocados por el entrenador de la Selecci\u00f3n Argentina, Sr. Alejandro Sabella, para conformar el plantel que afrontar\u00e1 los pr\u00f3ximos compromisos por las Eliminatorias para Brasil 2014 ante Colombia (07\/06) y Ecuador (11\/06). Nota: [&hellip;]<\/p>\n","protected":false},"author":2,"featured_media":18203,"comment_status":"open","ping_status":"open","sticky":false,"template":"","format":"standard","meta":{"_et_pb_use_builder":"","_et_pb_old_content":"","_et_gb_content_width":"","footnotes":""},"categories":[14,49],"tags":[],"class_list":["post-20851","post","type-post","status-publish","format-standard","has-post-thumbnail","hentry","category-deportes","category-seleccion-argentina-2"],"_links":{"self":[{"href":"https:\/\/vocesdebaires.com.ar\/index.php\/wp-json\/wp\/v2\/posts\/20851"}],"collection":[{"href":"https:\/\/vocesdebaires.com.ar\/index.php\/wp-json\/wp\/v2\/posts"}],"about":[{"href":"https:\/\/vocesdebaires.com.ar\/index.php\/wp-json\/wp\/v2\/types\/post"}],"author":[{"embeddable":true,"href":"https:\/\/vocesdebaires.com.ar\/index.php\/wp-json\/wp\/v2\/users\/2"}],"replies":[{"embeddable":true,"href":"https:\/\/vocesdebaires.com.ar\/index.php\/wp-json\/wp\/v2\/comments?post=20851"}],"version-history":[{"count":0,"href":"https:\/\/vocesdebaires.com.ar\/index.php\/wp-json\/wp\/v2\/posts\/20851\/revisions"}],"wp:featuredmedia":[{"embeddable":true,"href":"https:\/\/vocesdebaires.com.ar\/index.php\/wp-json\/wp\/v2\/media\/18203"}],"wp:attachment":[{"href":"https:\/\/vocesdebaires.com.ar\/index.php\/wp-json\/wp\/v2\/media?parent=20851"}],"wp:term":[{"taxonomy":"category","embeddable":true,"href":"https:\/\/vocesdebaires.com.ar\/index.php\/wp-json\/wp\/v2\/categories?post=20851"},{"taxonomy":"post_tag","embeddable":true,"href":"https:\/\/vocesdebaires.com.ar\/index.php\/wp-json\/wp\/v2\/tags?post=20851"}],"curies":[{"name":"wp","href":"https:\/\/api.w.org\/{rel}","templated":true}]}}