{"id":20921,"date":"2013-11-07T18:47:56","date_gmt":"2013-11-07T21:47:56","guid":{"rendered":"http:\/\/vocesdebaires.com.ar\/wordpress\/index.php\/2013\/11\/07\/nuevas-personalidades-destacadas-de-la-cultura-3\/"},"modified":"2013-11-07T18:47:56","modified_gmt":"2013-11-07T21:47:56","slug":"nuevas-personalidades-destacadas-de-la-cultura-3","status":"publish","type":"post","link":"https:\/\/vocesdebaires.com.ar\/index.php\/2013\/11\/07\/nuevas-personalidades-destacadas-de-la-cultura-3\/","title":{"rendered":"Nuevas personalidades destacadas de la Cultura"},"content":{"rendered":"<p>\u00a0<br \/>\nLa Legislatura Porte\u00f1a sancion\u00f3 varias leyes declarando Personalidades destacadas en el \u00e1mbito de la cultura de la Ciudad de Buenos Aires al Maestro Enrique Arturo Diemecke, al director y compositor \u00a0Mario Perusso, el artista pl\u00e1stico Blas Castagna, el dise\u00f1ador de vestuario cinematogr\u00e1fico, teatral y de televisi\u00f3n Horacio Previde y la actriz Dora Barrera, conocida por su nombre art\u00edstico de Dora Baret. Tambi\u00e9n la misma distinci\u00f3n recibi\u00f3 la artista pl\u00e1stica Nora Iniesta, el cineasta y guionista Eliseo Subiela, el violonchelista, compositor y director de orquesta Jos\u00e9 Bragato y el pintor, dise\u00f1ador industrial y te\u00f3rico del dise\u00f1o Tom\u00e1s Maldonado. Y V\u00edctor Penchaszadeh, m\u00e9dico especializado en pediatr\u00eda, gen\u00e9tica m\u00e9dica, salud p\u00fablica y bio\u00e9tica fu e reconocido en el \u00e1mbito de la Ciencia.<br \/>\nEl Maestro Enrique Arturo Diemecke fue distinguido este mediod\u00eda por el Cuerpo parlamentario a trav\u00e9s de un proyecto de ley presentado por el Diputado Enzo Pagani (PRO). Es un reconocido compositor y Director Art\u00edstico de la Orquesta Filarm\u00f3nica de Buenos Aires, de la Orquesta Filarm\u00f3nica de Bogot\u00e1 y de las Orquestas Sinf\u00f3nicas de Flint y de Long Beach de los Estados Unidos de Am\u00e9rica. En diversas ocasiones ha sido y es invitado a dirigir orquestas tales como la Filarm\u00f3nica de Los Angeles, la Sinf\u00f3nica de San Francisco, la Sinf\u00f3nica de la BBC de Londres, la Filarm\u00f3nica Real, la Nacional de Francia, la Nacional de Montpellier y la Orquesta Real de La Haya, entre otras. Ha sido galardonado con el prestigioso Gran Prix de L\u00b4Academie du Disque Lyric en varias ocasiones y nominado para el premio Grammy Latino. Ha grabado para las principales discogr\u00e1ficas, incluyend o Sony, Deutsche Grammophone, Lyric, Dorian y EMI.<br \/>\n Desde el a\u00f1o 2004 est\u00e1 fuertemente ligado al Teatro Col\u00f3n y al movimiento musical de nuestro pa\u00eds. En el 2004 fue Director Principal Invitado de la Orquesta Filarm\u00f3nica de Buenos Aires y desde el a\u00f1o 2005 se desempe\u00f1a como su Director Art\u00edstico. Estando al frente de este organismo, ha llevado a nuestros p\u00fablicos gran cantidad de obras del repertorio orquestal de compositores argentinos tanto cl\u00e1sicos como contempor\u00e1neos. El Maestro Diemecke es un fiel promotor de obras latinoamericanas y en especial argentinas tambi\u00e9n en el mundo. Con una agenda internacional muy ajustada, forman parte de su repertorio obras de diversos compositores argentinos tales como Alberto Williams, Pascual de Rogatis, Osvaldo Golijov, Esteban Benzecry, Claudio Alsuyet, Astor Piazzolla y especialmente de Alberto Ginastera cuyas obras ha dirigido en Asia, Oceania y tambi\u00e9n en Espa\u00f1a, Francia, Rusia, Pai ses Bajos, Mexico, Brasil, Colombia y Estados Unidos.<br \/>\nPor su parte, Mario Perusso tiene una larga trayectoria como director y compositor, especialmente dentro del Teatro Col\u00f3n. Su vida estuvo siempre ligada a ese teatro, en el que empez\u00f3 formando parte del coro de ni\u00f1os y lleg\u00f3 a dirigirlo entre los a\u00f1os 1998 y 2000. Estudi\u00f3 direcci\u00f3n orquestal con el maestro Mariano Drago y composici\u00f3n con Cayetano Marcolli. Su apego a la gran tradici\u00f3n no lo priv\u00f3 de formar parte del movimiento experimentalista de la d\u00e9cada del \u00b460. Actu\u00f3 en los organismos musicales m\u00e1s importantes del pa\u00eds, y en el exterior con las orquestas Filarm\u00f3nica de Santiago (Chile), SODRE de Montevideo (Uruguay) y Filarm\u00f3nica de San Pablo (Brasil). Fue Director Titular de las orquestas Sinf\u00f3nica de La Paz (Bolivia), Sinf\u00f3nica de Bah\u00eda Blanca y Estable del Teatro Col\u00f3n.<br \/>\n\u00a0<br \/>\n\u00a0<br \/>\nFoto 2 &#8211; Diputado Enzo Pagani (PRO) \u00a0impuls\u00f3 la distinci\u00f3n del Maestro Enrique Arturo Diemecke<\/p>\n","protected":false},"excerpt":{"rendered":"<p>\u00a0 La Legislatura Porte\u00f1a sancion\u00f3 varias leyes declarando Personalidades destacadas en el \u00e1mbito de la cultura de la Ciudad de Buenos Aires al Maestro Enrique Arturo Diemecke, al director y compositor \u00a0Mario Perusso, el artista pl\u00e1stico Blas Castagna, el dise\u00f1ador de vestuario cinematogr\u00e1fico, teatral y de televisi\u00f3n Horacio Previde y la actriz Dora Barrera, conocida [&hellip;]<\/p>\n","protected":false},"author":2,"featured_media":18913,"comment_status":"open","ping_status":"open","sticky":false,"template":"","format":"standard","meta":{"_et_pb_use_builder":"","_et_pb_old_content":"","_et_gb_content_width":"","footnotes":""},"categories":[11,44],"tags":[],"class_list":["post-20921","post","type-post","status-publish","format-standard","has-post-thumbnail","hentry","category-ciudad","category-funcionarios-de-la-caba"],"_links":{"self":[{"href":"https:\/\/vocesdebaires.com.ar\/index.php\/wp-json\/wp\/v2\/posts\/20921"}],"collection":[{"href":"https:\/\/vocesdebaires.com.ar\/index.php\/wp-json\/wp\/v2\/posts"}],"about":[{"href":"https:\/\/vocesdebaires.com.ar\/index.php\/wp-json\/wp\/v2\/types\/post"}],"author":[{"embeddable":true,"href":"https:\/\/vocesdebaires.com.ar\/index.php\/wp-json\/wp\/v2\/users\/2"}],"replies":[{"embeddable":true,"href":"https:\/\/vocesdebaires.com.ar\/index.php\/wp-json\/wp\/v2\/comments?post=20921"}],"version-history":[{"count":0,"href":"https:\/\/vocesdebaires.com.ar\/index.php\/wp-json\/wp\/v2\/posts\/20921\/revisions"}],"wp:featuredmedia":[{"embeddable":true,"href":"https:\/\/vocesdebaires.com.ar\/index.php\/wp-json\/wp\/v2\/media\/18913"}],"wp:attachment":[{"href":"https:\/\/vocesdebaires.com.ar\/index.php\/wp-json\/wp\/v2\/media?parent=20921"}],"wp:term":[{"taxonomy":"category","embeddable":true,"href":"https:\/\/vocesdebaires.com.ar\/index.php\/wp-json\/wp\/v2\/categories?post=20921"},{"taxonomy":"post_tag","embeddable":true,"href":"https:\/\/vocesdebaires.com.ar\/index.php\/wp-json\/wp\/v2\/tags?post=20921"}],"curies":[{"name":"wp","href":"https:\/\/api.w.org\/{rel}","templated":true}]}}