{"id":2097,"date":"2020-03-06T16:48:51","date_gmt":"2020-03-06T19:48:51","guid":{"rendered":"http:\/\/vocesdebaires.com.ar\/wordpress\/index.php\/2020\/03\/06\/trabajador-grafico-fue-destacado-en-ddhh\/"},"modified":"2020-03-06T16:48:51","modified_gmt":"2020-03-06T19:48:51","slug":"trabajador-grafico-fue-destacado-en-ddhh","status":"publish","type":"post","link":"https:\/\/vocesdebaires.com.ar\/index.php\/2020\/03\/06\/trabajador-grafico-fue-destacado-en-ddhh\/","title":{"rendered":"Trabajador gr\u00e1fico fue destacado en  DDHH"},"content":{"rendered":"<p>El Cuerpo Parlamentario ayer\u00a0 jueves declar\u00f3 personalidad destacada de la Ciudad Aut\u00f3noma de Buenos Aires en el \u00e1mbito de los Derechos Humanos a V\u00edctor Basterra, \u00abpor su inclaudicable responsabilidad en la defensa irrestricta de los Derechos Humanos y en su compromiso irrenunciable con la Memoria, la Verdad y la Justicia\u00bb.Trabajador gr\u00e1fico y activo militante en la Federaci\u00f3n Grafica Bonaerense, el 10 de agosto de 1979 mientras se encontraba en su casa reponi\u00e9ndose de una intervenci\u00f3n quir\u00fargica fue secuestrado por un grupo de tareas de la Escuela de Mec\u00e1nica de la Armada -ESMA- junto a su compa\u00f1era, Laura Seoane, y a su hija Mar\u00eda Eva, de pocos d\u00edas de vida.<\/p>\n<p>Despu\u00e9s de una semana su compa\u00f1era e hija fueron liberadas y Basterra fue trasladado como cautivo a la isla El Silencio, en San Fernando &#8211; Provincia de Buenos Aires. En los primeros d\u00edas del a\u00f1o 1980, a prop\u00f3sito de sus conocimientos profesionales, es usado como obra de mano esclava para confeccionar la documentaci\u00f3n fraguada funcional a los integrantes de la estructura represiva asentada en la ESMA. El 3 de diciembre de 1983 fue liberado y al material gr\u00e1fico que logr\u00f3 sistematizar en mayo de 1984 lo present\u00f3 a la Comisi\u00f3n Nacional por la Desaparici\u00f3n de Personas -Co.Na.De.P- y en agosto siguiente ante el Juzgado de instrucci\u00f3n a cargo del Dr. Juan Cardinalli.<\/p>\n<p>Las fotograf\u00edas que logr\u00f3 captar incluyen rostros de personas detenidas, represores, instalaciones, veh\u00edculos, escritos etc y constituye lo que se conoce como \u00abEl informe Basterra\u00bb; de un valor probatorio, simb\u00f3lico y de resistencia. El proyecto de declaraci\u00f3n fue presentado por la legisladora\u00a0 Victoria Montenegro y acompa\u00f1ado por sus pares Ofelia Fern\u00e1ndez, Claudio Ferre\u00f1o, Lorena Pokoik, Leandro Santoro, Manuel Soc\u00edas, Juan Vald\u00e9s y Laura Velasco (FdT).<\/p>\n","protected":false},"excerpt":{"rendered":"<p>El Cuerpo Parlamentario ayer\u00a0 jueves declar\u00f3 personalidad destacada de la Ciudad Aut\u00f3noma de Buenos Aires en el \u00e1mbito de los Derechos Humanos a V\u00edctor Basterra, \u00abpor su inclaudicable responsabilidad en la defensa irrestricta de los Derechos Humanos y en su compromiso irrenunciable con la Memoria, la Verdad y la Justicia\u00bb.Trabajador gr\u00e1fico y activo militante en [&hellip;]<\/p>\n","protected":false},"author":1,"featured_media":2098,"comment_status":"open","ping_status":"open","sticky":false,"template":"","format":"standard","meta":{"_et_pb_use_builder":"","_et_pb_old_content":"","_et_gb_content_width":"","footnotes":""},"categories":[11,33],"tags":[],"class_list":["post-2097","post","type-post","status-publish","format-standard","has-post-thumbnail","hentry","category-ciudad","category-sociedad-y-cultura-2"],"_links":{"self":[{"href":"https:\/\/vocesdebaires.com.ar\/index.php\/wp-json\/wp\/v2\/posts\/2097"}],"collection":[{"href":"https:\/\/vocesdebaires.com.ar\/index.php\/wp-json\/wp\/v2\/posts"}],"about":[{"href":"https:\/\/vocesdebaires.com.ar\/index.php\/wp-json\/wp\/v2\/types\/post"}],"author":[{"embeddable":true,"href":"https:\/\/vocesdebaires.com.ar\/index.php\/wp-json\/wp\/v2\/users\/1"}],"replies":[{"embeddable":true,"href":"https:\/\/vocesdebaires.com.ar\/index.php\/wp-json\/wp\/v2\/comments?post=2097"}],"version-history":[{"count":0,"href":"https:\/\/vocesdebaires.com.ar\/index.php\/wp-json\/wp\/v2\/posts\/2097\/revisions"}],"wp:featuredmedia":[{"embeddable":true,"href":"https:\/\/vocesdebaires.com.ar\/index.php\/wp-json\/wp\/v2\/media\/2098"}],"wp:attachment":[{"href":"https:\/\/vocesdebaires.com.ar\/index.php\/wp-json\/wp\/v2\/media?parent=2097"}],"wp:term":[{"taxonomy":"category","embeddable":true,"href":"https:\/\/vocesdebaires.com.ar\/index.php\/wp-json\/wp\/v2\/categories?post=2097"},{"taxonomy":"post_tag","embeddable":true,"href":"https:\/\/vocesdebaires.com.ar\/index.php\/wp-json\/wp\/v2\/tags?post=2097"}],"curies":[{"name":"wp","href":"https:\/\/api.w.org\/{rel}","templated":true}]}}