{"id":21007,"date":"2013-11-21T18:00:32","date_gmt":"2013-11-21T21:00:32","guid":{"rendered":"http:\/\/vocesdebaires.com.ar\/wordpress\/index.php\/2013\/11\/21\/macri-el-compromiso-de-la-ciudad-y-la-tecnologico-2\/"},"modified":"2013-11-21T18:00:32","modified_gmt":"2013-11-21T21:00:32","slug":"macri-el-compromiso-de-la-ciudad-y-la-tecnologico-2","status":"publish","type":"post","link":"https:\/\/vocesdebaires.com.ar\/index.php\/2013\/11\/21\/macri-el-compromiso-de-la-ciudad-y-la-tecnologico-2\/","title":{"rendered":"Macri: El compromiso de la Ciudad y la tecnol\u00f3gico"},"content":{"rendered":"<p>\u00a0<br \/>\n El jefe de Gobierno porte\u00f1o, Mauricio Macri, afirm\u00f3 hoy que \u201csi la Argentina quiere ser parte de los pa\u00edses que lideran el mundo \u00a0tenemos que estar al frente en \u00a0todo lo que es innovaci\u00f3n, creatividad y desarrollo tecnol\u00f3gico\u201d y ratific\u00f3 el compromiso de la Ciudad de Buenos Aires de \u201cseguir \u00a0impulsando \u00e1mbitos de interacci\u00f3n \u00a0para que los avances de la tecnolog\u00eda tengan cada vez incidencia m\u00e1s directa en una mejor calidad de vida de la gente\u201d. Macri habl\u00f3 esta ma\u00f1ana en \u00a0la apertura de \u201cInnovatiBA, creatividad humana y tecnolog\u00eda \u00a0para ver adelante\u201d, \u00a0un seminario que trajo a la Argentina por invitaci\u00f3n del Gobierno de la Ciudad \u00a0a \u00a0expertos y especialistas de la Singularity University, el famoso centro de estudios auspiciado por Google y la NASA que funciona en el coraz\u00f3n de Silicon Valley, en \u00a0Estados Unidos.<br \/>\n Acompa\u00f1ado por Rob Nail, ceo y fundador asociado de la universidad, Macri \u00a0destac\u00f3 que es la primera vez que Singularity visita un pa\u00eds para participar en una conferencia que registr\u00f3 a m\u00e1s de dos mil personas acreditadas para participar de los diferentes eventos, charlas y exhibiciones a lo largo de sus dos jornadas de desarrollo en la sede de la Usina del Arte, en el barrio de La Boca.  Macri, quien particip\u00f3 como oyente \u00a0de distintas exposiciones ofrecidas en el seminario, subray\u00f3 que Singularity \u201cre\u00fane y analiza todo lo que est\u00e1 pasando en t\u00e9rminos de desarrollo tecnol\u00f3gico en el mundo de la informaci\u00f3n, \u00a0de la rob\u00f3tica, de la \u00a0medicina y de las m\u00e1s diversas aplicaciones\u201d. Puso de relieve que esta conferencia servir\u00e1 \u201cpara que nos enteremos de todo lo que va a suceder en t\u00e9rminos de evoluci\u00f3n tecnol\u00f3gica, pero no dentro de 50 a\u00f1os, sino en los pr\u00f3ximos cinco o 10 a\u00f1os, porque, como ellos explican claramente, la tecnolog\u00eda viene evolucionando en forma exponencial y estamos en el momento en que la curva sube en forma vertical\u201d.<br \/>\n \u201cPara dar un dato \u00a0toda la informaci\u00f3n que se produjo en la humanidad hasta el 2003 hoy se produce y se almacena cada dos horas; \u00a0ese es el nivel de evoluci\u00f3n con que viene avanzando el desarrollo tecnol\u00f3gico\u201d, agreg\u00f3. Posteriormente, al responder a preguntas \u00a0de la prensa respecto de qu\u00e9 niveles de perjuicio ocasionan al desarrollo tecnol\u00f3gico argentino las actuales restricciones cambiarias, Macri sostuvo que \u201cel \u00a0cepo ha sido una limitaci\u00f3n, pero la tecnolog\u00eda, por suerte, se est\u00e1 democratizando d\u00eda a d\u00eda\u201d. \u201cHoy un pe\u00f3n rural tiene m\u00e1s informaci\u00f3n con su celular que la ten\u00eda (Bill) Clinton siendo presidente del pa\u00eds m\u00e1s poderoso del mundo hace pocos a\u00f1os atr\u00e1s y eso nos da enormes \u00a0oportunidades. Por eso, \u00a0en la medida en que no haya cepos y que la gente pueda seguir accediendo cada vez m\u00e1s a equiparse tecnol\u00f3gicamente, nos podemos llegar a sorprender con todo lo que esto genera\u201d, afirm\u00f3.<br \/>\n El jefe de Gobierno coment\u00f3 seguidamente a modo de ejemplo el caso planteado por uno de los expertos que expuso en la conferencia respecto de \u00a0un adolescente estadounidense, estudiante de biolog\u00eda, que \u201cgoogleando informaci\u00f3n combin\u00f3 dos datos y lleg\u00f3 as\u00ed a \u00a0la conclusi\u00f3n de que eso pod\u00eda servir para detectar con anticipaci\u00f3n el c\u00e1ncer de p\u00e1ncreas\u201d. \u201cLo hizo a partir de la indignaci\u00f3n que sent\u00eda porque se mor\u00eda de c\u00e1ncer \u00a0Steve Jobs, que era su \u00eddolo, y \u00a0le envi\u00f3 esa conclusi\u00f3n por mail a 200 investigadores de temas oncol\u00f3gicos, 199 lo tiraron al tacho de basura, pero hubo uno que lo recibi\u00f3, que lo escuch\u00f3 y dijo \u2018por qu\u00e9 no?\u2019 y \u00a0se puso a analizar\u201d, \u00a0explic\u00f3. Dijo que \u201ceso dio lugar a algo que permiti\u00f3 avanzar en \u00a0la detecci\u00f3n y la prevenci\u00f3n\u201d \u00a0de ese tipo de c\u00e1ncer \u00a0y destac\u00f3 la importancia de que la Argentina encamine su desarrollo tecnol\u00f3gico en esa direcci\u00f3n porque \u201csomos un pa\u00eds que tiene cient\u00edficos e investigadores de primer nivel y m\u00e9dicos reconocidos internacionalmente\u201d.<br \/>\n Por su parte, el ceo de Singularity, Rob Nail, exhort\u00f3 a trabajar en pos de lograr una conjunci\u00f3n de esfuerzos que \u201cuna a los gobiernos, los emprendedores, las corporaciones y las universidades\u201d y remarc\u00f3 que \u201cese es el camino que hay que seguir para favorecer y estimular \u00a0la creatividad tecnol\u00f3gica\u201d.  \u201cY veo las semillas de todo esto aqu\u00ed en Buenos Aires. Por eso es un gran placer haber recibido esta invitaci\u00f3n y poder estar aqu\u00ed\u201d, \u00a0sostuvo el ejecutivo.  La conferencia tambi\u00e9n cont\u00f3 con la presencia del ministro de Desarrollo Econ\u00f3mico, Francisco Cabrera, y del subsecretario de Econom\u00eda Creativa de la Ciudad, Enrique Avogadro, a quienes Macri agradeci\u00f3 la tarea realizada para facilitar la presencia en el pa\u00eds de los especialistas de este \u00a0prestigioso centro de estudios.<\/p>\n","protected":false},"excerpt":{"rendered":"<p>\u00a0 El jefe de Gobierno porte\u00f1o, Mauricio Macri, afirm\u00f3 hoy que \u201csi la Argentina quiere ser parte de los pa\u00edses que lideran el mundo \u00a0tenemos que estar al frente en \u00a0todo lo que es innovaci\u00f3n, creatividad y desarrollo tecnol\u00f3gico\u201d y ratific\u00f3 el compromiso de la Ciudad de Buenos Aires de \u201cseguir \u00a0impulsando \u00e1mbitos de interacci\u00f3n [&hellip;]<\/p>\n","protected":false},"author":2,"featured_media":18625,"comment_status":"open","ping_status":"open","sticky":false,"template":"","format":"standard","meta":{"_et_pb_use_builder":"","_et_pb_old_content":"","_et_gb_content_width":"","footnotes":""},"categories":[11,32],"tags":[],"class_list":["post-21007","post","type-post","status-publish","format-standard","has-post-thumbnail","hentry","category-ciudad","category-comunas"],"_links":{"self":[{"href":"https:\/\/vocesdebaires.com.ar\/index.php\/wp-json\/wp\/v2\/posts\/21007"}],"collection":[{"href":"https:\/\/vocesdebaires.com.ar\/index.php\/wp-json\/wp\/v2\/posts"}],"about":[{"href":"https:\/\/vocesdebaires.com.ar\/index.php\/wp-json\/wp\/v2\/types\/post"}],"author":[{"embeddable":true,"href":"https:\/\/vocesdebaires.com.ar\/index.php\/wp-json\/wp\/v2\/users\/2"}],"replies":[{"embeddable":true,"href":"https:\/\/vocesdebaires.com.ar\/index.php\/wp-json\/wp\/v2\/comments?post=21007"}],"version-history":[{"count":0,"href":"https:\/\/vocesdebaires.com.ar\/index.php\/wp-json\/wp\/v2\/posts\/21007\/revisions"}],"wp:featuredmedia":[{"embeddable":true,"href":"https:\/\/vocesdebaires.com.ar\/index.php\/wp-json\/wp\/v2\/media\/18625"}],"wp:attachment":[{"href":"https:\/\/vocesdebaires.com.ar\/index.php\/wp-json\/wp\/v2\/media?parent=21007"}],"wp:term":[{"taxonomy":"category","embeddable":true,"href":"https:\/\/vocesdebaires.com.ar\/index.php\/wp-json\/wp\/v2\/categories?post=21007"},{"taxonomy":"post_tag","embeddable":true,"href":"https:\/\/vocesdebaires.com.ar\/index.php\/wp-json\/wp\/v2\/tags?post=21007"}],"curies":[{"name":"wp","href":"https:\/\/api.w.org\/{rel}","templated":true}]}}