{"id":21016,"date":"2013-11-22T15:01:38","date_gmt":"2013-11-22T18:01:38","guid":{"rendered":"http:\/\/vocesdebaires.com.ar\/wordpress\/index.php\/2013\/11\/22\/concurso-artistico-para-el-monumento-a-peron-2\/"},"modified":"2013-11-22T15:01:38","modified_gmt":"2013-11-22T18:01:38","slug":"concurso-artistico-para-el-monumento-a-peron-2","status":"publish","type":"post","link":"https:\/\/vocesdebaires.com.ar\/index.php\/2013\/11\/22\/concurso-artistico-para-el-monumento-a-peron-2\/","title":{"rendered":"Concurso art\u00edstico para el monumento a Per\u00f3n"},"content":{"rendered":"<p>\u00a0<br \/>\n Por mandato del Cuerpo Parlamentario porte\u00f1o lo har\u00e1 la Vicepresidencia Primera con gastos que asumir\u00e1 la propia Legislatura. Adem\u00e1s, el hemiciclo de la Planta Principal de la sede legislativa fue denominado &quot;Galer\u00eda de la Democracia&quot;.  A trav\u00e9s de un proyecto de resoluci\u00f3n aprobado este jueves, el Cuerpo parlamentario de la Ciudad de Buenos Aires facult\u00f3 al Vicepresidente Primero de la Legislatura a convocar a un concurso art\u00edstico para la realizaci\u00f3n de un monumento del ex Presidente de la Naci\u00f3n Gral. Juan Domingo Per\u00f3n.<br \/>\n La Ley N\u00ba 1735 sancionada en el a\u00f1o 2005 por la Legislatura porte\u00f1a determin\u00f3 que el monumento en homenaje a quien fuera tres veces presidente constitucional de los argentinos fuera emplazado en la intersecci\u00f3n de las calles Teniente General Juan Domingo Per\u00f3n, avenida Eduardo Madero, avenida Rosales y Paseo de la R\u00e1bida Norte, junto al edificio del Correo Central. En la sesi\u00f3n de hoy se aprob\u00f3 una resoluci\u00f3n a trav\u00e9s de la cual se podr\u00e1 convocar a un concurso p\u00fablico para la construcci\u00f3n de la mencionada obra de arte. Los gastos ser\u00e1n imputados a la partida presupuestaria de la Legislatura.   &quot;Tarea de gran responsabilidad la que compete al escultor que ha de componer y situar un monumento p\u00fablico, en un determinado espacio urbano, pues ha de tener muy en cuenta su adecuaci\u00f3n al lugar designado, sus caracter\u00edsticas ecol\u00f3gicas, ambientales, econ\u00f3micas, arquitect\u00f3nicas, lum\u00ednicas, etc\u00e9tera, ya que debe formar parte del entorno,  valor\u00e1ndolo en sus propias caracter\u00edsticas&quot;, dijo el autor de la iniciativa, Diputado Cristian Ritondo (PRO) en los fundamentos.<br \/>\n &quot;Galer\u00eda de la Democracia&quot; en el Palacio Legislativo<br \/>\n Una resoluci\u00f3n impulsada por el Diputado Cristian Ritondo (PRO) logr\u00f3 que se denomine &quot;Galer\u00eda de la Democracia&quot; al hemiciclo ubicado en la Planta Principal del Palacio Legislativo. La sanci\u00f3n sobre tablas fue en el marco de la conmemoraci\u00f3n del trig\u00e9simo aniversario de la recuperaci\u00f3n de la democracia en la Argentina. &quot;En el hemiciclo ubicado en la Planta Principal del Palacio Legislativo se pueden observar los cuadros de honor que testimonian con fotograf\u00edas una parte de nuestra rica historia pol\u00edtica. Los mismos reproducen las im\u00e1genes de quienes nos representaron en diferentes per\u00edodos hist\u00f3ricos, encontr\u00e1ndose como el m\u00e1s antiguo a los ediles del a\u00f1o 1925 y el m\u00e1s reciente al comprendido para el per\u00edodo legislativo correspondiente al a\u00f1o 1984, a\u00f1o en que se recuper\u00f3 el funcionamiento de las instituciones democr\u00e1ticas. En \u00e9ste sentido, cabe recordar, que hasta la consagraci\u00f3n constitucional de nuestra<br \/>\nautonom\u00eda en el a\u00f1o 1996 funcion\u00f3 en \u00e9sta casa el Concejo Deliberante de la Ciudad de Buenos Aires, motivo por el cual s\u00f3lo pueden observarse im\u00e1genes de se\u00f1ores y se\u00f1oras concejales de la ciudad&quot;, expresan los fundamentos del proyecto. El pr\u00f3ximo 10 de diciembre se cumplir\u00e1 el trig\u00e9simo aniversario de la recuperaci\u00f3n de la democracia y lo que se busca con esta resoluci\u00f3n es recordar a los hombres y mujeres que representan y han representado en la Legislatura Porte\u00f1a al pueblo de la Ciudad Aut\u00f3noma de Buenos Aires, a\u00f1adi\u00e9ndolos a los cuadros de honor y denominando \u201cGaler\u00eda de la Democracia\u201d al hemiciclo mencionado.<\/p>\n","protected":false},"excerpt":{"rendered":"<p>\u00a0 Por mandato del Cuerpo Parlamentario porte\u00f1o lo har\u00e1 la Vicepresidencia Primera con gastos que asumir\u00e1 la propia Legislatura. Adem\u00e1s, el hemiciclo de la Planta Principal de la sede legislativa fue denominado &quot;Galer\u00eda de la Democracia&quot;. A trav\u00e9s de un proyecto de resoluci\u00f3n aprobado este jueves, el Cuerpo parlamentario de la Ciudad de Buenos Aires [&hellip;]<\/p>\n","protected":false},"author":2,"featured_media":19144,"comment_status":"open","ping_status":"open","sticky":false,"template":"","format":"standard","meta":{"_et_pb_use_builder":"","_et_pb_old_content":"","_et_gb_content_width":"","footnotes":""},"categories":[11,44],"tags":[],"class_list":["post-21016","post","type-post","status-publish","format-standard","has-post-thumbnail","hentry","category-ciudad","category-funcionarios-de-la-caba"],"_links":{"self":[{"href":"https:\/\/vocesdebaires.com.ar\/index.php\/wp-json\/wp\/v2\/posts\/21016"}],"collection":[{"href":"https:\/\/vocesdebaires.com.ar\/index.php\/wp-json\/wp\/v2\/posts"}],"about":[{"href":"https:\/\/vocesdebaires.com.ar\/index.php\/wp-json\/wp\/v2\/types\/post"}],"author":[{"embeddable":true,"href":"https:\/\/vocesdebaires.com.ar\/index.php\/wp-json\/wp\/v2\/users\/2"}],"replies":[{"embeddable":true,"href":"https:\/\/vocesdebaires.com.ar\/index.php\/wp-json\/wp\/v2\/comments?post=21016"}],"version-history":[{"count":0,"href":"https:\/\/vocesdebaires.com.ar\/index.php\/wp-json\/wp\/v2\/posts\/21016\/revisions"}],"wp:featuredmedia":[{"embeddable":true,"href":"https:\/\/vocesdebaires.com.ar\/index.php\/wp-json\/wp\/v2\/media\/19144"}],"wp:attachment":[{"href":"https:\/\/vocesdebaires.com.ar\/index.php\/wp-json\/wp\/v2\/media?parent=21016"}],"wp:term":[{"taxonomy":"category","embeddable":true,"href":"https:\/\/vocesdebaires.com.ar\/index.php\/wp-json\/wp\/v2\/categories?post=21016"},{"taxonomy":"post_tag","embeddable":true,"href":"https:\/\/vocesdebaires.com.ar\/index.php\/wp-json\/wp\/v2\/tags?post=21016"}],"curies":[{"name":"wp","href":"https:\/\/api.w.org\/{rel}","templated":true}]}}