{"id":21019,"date":"2013-11-22T17:00:55","date_gmt":"2013-11-22T20:00:55","guid":{"rendered":"http:\/\/vocesdebaires.com.ar\/wordpress\/index.php\/2013\/11\/22\/dia-del-candombe-se-instituyo-el-3-de-diciembre-2\/"},"modified":"2013-11-22T17:00:55","modified_gmt":"2013-11-22T20:00:55","slug":"dia-del-candombe-se-instituyo-el-3-de-diciembre-2","status":"publish","type":"post","link":"https:\/\/vocesdebaires.com.ar\/index.php\/2013\/11\/22\/dia-del-candombe-se-instituyo-el-3-de-diciembre-2\/","title":{"rendered":"D\u00eda del Candombe: Se instituy\u00f3 el 3 de diciembre"},"content":{"rendered":"<p>\u00a0<br \/>\n La Ley establece que el 3 de diciembre ser\u00e1 el \u201cD\u00eda del Candombe y la Equidad \u00c9tnica en la Ciudad de Buenos Aires\u201d. Su celebraci\u00f3n tendr\u00e1 como marco la valoraci\u00f3n y difusi\u00f3n de la expresi\u00f3n cultural, denominada Candombe, la contribuci\u00f3n de la poblaci\u00f3n afro descendiente a la construcci\u00f3n en el \u00e1mbito rioplatense, y de su aporte a la conformaci\u00f3n de \u00a0la identidad cultural en la Ciudad. Se considerar\u00e1 de inter\u00e9s para la Ciudad de Buenos Aires la realizaci\u00f3n de actividades y acciones educativas en \u00e1mbitos p\u00fablicos y privados, como campa\u00f1as de comunicaci\u00f3n y difusi\u00f3n que contribuyan al combate del racismo y promuevan la equidad racial, entendida como garant\u00eda de igualdad de oportunidades y goce efectivo de derechos para todos los habitantes con la consiguiente superaci\u00f3n de las inequidades que afectan a los \u00a0afro descendientes. El art\u00edculo 4\u00ba afirma que &quot;el Estado propender\u00e1 al cumplimiento de los fines determinados en la presente ley, mediante el desarrollo de pol\u00edticas p\u00fablicas, destinadas al efectivo ejercicio de los principios que se establecen&quot;. Y en el siguiente, expresa que &quot;se declara patrimonio cultural de la Ciudad de Buenos Aires el Candombe, caracterizado por el toque de tambores denominados Chico, Repique \u00a0y Piano; su danza y su canto creado por los afro uruguayos a partir del legado ancestral africano, sus or\u00edgenes, rituales, y su contexto social como comunidad. La Diputada Mar\u00eda Am\u00e9rica Gonz\u00e1lez (BApT) fue la impulsora de la iniciativa.<br \/>\n &quot;La Botica del \u00c1ngel&quot;, de inter\u00e9s cultural<br \/>\n El inmueble ubicado en la calle Luis S\u00e1enz Pe\u00f1a 541 fue declarado de inter\u00e9s cultural de la Ciudad Aut\u00f3noma de Buenos Aires por iniciativa de la Diputada Gabriela Seijo (PRO). El Museo de Arte creado por Eduardo Bergara Leumann se inaugur\u00f3 en 1996. En sus escenarios debutaron diferentes artistas mundialmente famosos. Y muchos artistas pl\u00e1sticos plasmaron, en sus paredes, obras que se perdieron cuando fue demolida a causa de la prolongaci\u00f3n de la Av. 9 de Julio. &quot;La Botica del \u00c1ngel&quot; es la perfecta combinaci\u00f3n de una iglesia protestante de fines del siglo XIX, fusionada con un antiguo caser\u00f3n y un galp\u00f3n. La visita guiada es uno de los medios utilizados con mayor frecuencia en los museos con fines educativos. Su objetivo central es facilitar la relaci\u00f3n entre los visitantes y el contenido de la exposici\u00f3n, haci\u00e9ndola m\u00e1s directa.<br \/>\n\u00a0<\/p>\n","protected":false},"excerpt":{"rendered":"<p>\u00a0 La Ley establece que el 3 de diciembre ser\u00e1 el \u201cD\u00eda del Candombe y la Equidad \u00c9tnica en la Ciudad de Buenos Aires\u201d. Su celebraci\u00f3n tendr\u00e1 como marco la valoraci\u00f3n y difusi\u00f3n de la expresi\u00f3n cultural, denominada Candombe, la contribuci\u00f3n de la poblaci\u00f3n afro descendiente a la construcci\u00f3n en el \u00e1mbito rioplatense, y de [&hellip;]<\/p>\n","protected":false},"author":2,"featured_media":19150,"comment_status":"open","ping_status":"open","sticky":false,"template":"","format":"standard","meta":{"_et_pb_use_builder":"","_et_pb_old_content":"","_et_gb_content_width":"","footnotes":""},"categories":[11,44],"tags":[],"class_list":["post-21019","post","type-post","status-publish","format-standard","has-post-thumbnail","hentry","category-ciudad","category-funcionarios-de-la-caba"],"_links":{"self":[{"href":"https:\/\/vocesdebaires.com.ar\/index.php\/wp-json\/wp\/v2\/posts\/21019"}],"collection":[{"href":"https:\/\/vocesdebaires.com.ar\/index.php\/wp-json\/wp\/v2\/posts"}],"about":[{"href":"https:\/\/vocesdebaires.com.ar\/index.php\/wp-json\/wp\/v2\/types\/post"}],"author":[{"embeddable":true,"href":"https:\/\/vocesdebaires.com.ar\/index.php\/wp-json\/wp\/v2\/users\/2"}],"replies":[{"embeddable":true,"href":"https:\/\/vocesdebaires.com.ar\/index.php\/wp-json\/wp\/v2\/comments?post=21019"}],"version-history":[{"count":0,"href":"https:\/\/vocesdebaires.com.ar\/index.php\/wp-json\/wp\/v2\/posts\/21019\/revisions"}],"wp:featuredmedia":[{"embeddable":true,"href":"https:\/\/vocesdebaires.com.ar\/index.php\/wp-json\/wp\/v2\/media\/19150"}],"wp:attachment":[{"href":"https:\/\/vocesdebaires.com.ar\/index.php\/wp-json\/wp\/v2\/media?parent=21019"}],"wp:term":[{"taxonomy":"category","embeddable":true,"href":"https:\/\/vocesdebaires.com.ar\/index.php\/wp-json\/wp\/v2\/categories?post=21019"},{"taxonomy":"post_tag","embeddable":true,"href":"https:\/\/vocesdebaires.com.ar\/index.php\/wp-json\/wp\/v2\/tags?post=21019"}],"curies":[{"name":"wp","href":"https:\/\/api.w.org\/{rel}","templated":true}]}}