{"id":21025,"date":"2013-11-24T01:53:12","date_gmt":"2013-11-24T04:53:12","guid":{"rendered":"http:\/\/vocesdebaires.com.ar\/wordpress\/index.php\/2013\/11\/24\/homenaje-a-pepe-eliaschev-en-la-legislatura\/"},"modified":"2013-11-24T01:53:12","modified_gmt":"2013-11-24T04:53:12","slug":"homenaje-a-pepe-eliaschev-en-la-legislatura","status":"publish","type":"post","link":"https:\/\/vocesdebaires.com.ar\/index.php\/2013\/11\/24\/homenaje-a-pepe-eliaschev-en-la-legislatura\/","title":{"rendered":"Homenaje a Pepe Eliaschev en la Legislatura"},"content":{"rendered":"<p>\u00a0<br \/>\n Rodeado de su familia y sus amigos, el periodista Jos\u00e9 &quot;Pepe&quot; Eliaschev recibi\u00f3 el viernes pasado por la tarde una distinci\u00f3n por su trayectoria profesional en la Legislatura porte\u00f1a, durante un acto presidido por la vicejefa de Gobierno porte\u00f1o, Mar\u00eda Eugenia Vidal.  El homenaje fue organizado por el diputado porte\u00f1o Sergio Bergman, autor de la iniciativa que declara a Eliaschev Personalidad Destacada en el \u00e1mbito del Periodismo, y que fue aprobada por el cuerpo parlamentario.  Emocionado, el periodista cont\u00f3 que este a\u00f1o tambi\u00e9n hab\u00eda recibido un homenaje por parte del Museo del Holocausto y que en 2014 \u00a0celebrar\u00e1 50 a\u00f1os en esta profesi\u00f3n. &quot;Tengo amor por el periodismo, a veces m\u00e1s de lo que convendr\u00eda, y por contar los matices de una sociedad complicada como es la nuestra. Defiendo el ejercicio del periodismo y de los derechos civiles en la Argentina. Los beneficios que hemos logrado en estos 30 a\u00f1os no son una prebenda de ning\u00fan gobierno, sino el producto de la lucha de nuestra sociedad civil&quot; analiz\u00f3.<br \/>\n Antes que \u00e9l, Bergman hab\u00eda subrayado, en referencia a Eliaschev, &quot;la coherencia y renovada vigencia de personas que cargan con valores que se encarnan en virtudes&quot; y hab\u00eda resaltado &quot;su defensa permanente de la libertad y la equidad&quot;. Eliaschev, Vidal y Bergman compartieron la mesa con el actor Luis Brandoni, amigo personal del periodista y encargado de trazar su semblanza. &quot;Pertenecemos a diferentes religiones y fuerzas pol\u00edticas pero hoy estamos ac\u00e1 todos juntos para homenajear a un hombre de bien&quot;, se\u00f1al\u00f3 Brandoni. Adem\u00e1s resalt\u00f3 &quot;el fervor, el amor, el celo, las indignaciones y las esperanzas de Pepe por la ciudad de Buenos Aires&quot;.  En un dircurso potente y conciso, el homenajeado decidi\u00f3 destacar lo que llam\u00f3 &quot;un aniversario imponente que se cumple este a\u00f1o: los 30 a\u00f1os del reingreso de la Argentina en la normativa democr\u00e1tica&quot;. Parte de una generaci\u00f3n que vivi\u00f3 en la Argentina de la proscripci\u00f3n, Eliaschev (que vivi\u00f3 varios a\u00f1os en el exilio) destac\u00f3 las libertades que tiene nuestro pa\u00eds desde el regreso democr\u00e1tico, pero advirti\u00f3 que en la Argentina actual &quot;hay gente que no cree en la supremac\u00eda de la libertad de expresi\u00f3n&quot;.<br \/>\n Tambi\u00e9n participaron del homenaje los diputados nacionales Gabriela Michetti y Alfonso Prat Gay, la senadora Mar\u00eda Eugenia Estenssoro y los legisladores Jorge Garayalde y Mart\u00edn Ocampo (PRO). Adem\u00e1s asistieron la ensayista Beatriz Sarlo y el director del Teatro Col\u00f3n, Pedro Garc\u00eda Caffi, entre m\u00e1s de un centenar de invitados. Durante el acto se recibieron las adhesiones del diputado nacional Ricardo Gil Lavedra; y presidente de La Naci\u00f3n SA., Julio Saguier; el editor general del diario Clar\u00edn, Ricardo Kirchbaum; de los periodistas Maria O`Donell y Mario Mactas, junto a \u00a0entre much\u00edsimas personalidades de la cultura y del mundo empresario. Pero la m\u00e1s festejada fue la del grupo Les Luthiers, que le envi\u00f3 el premio Johann Sebastian Mastropiero como muestra de su amistad. Al finalizar el acto Eliaschev tambi\u00e9n recibi\u00f3 una distinci\u00f3n del Municipio de Vicente L\u00f3pez, que conduce Jorge Macri.<\/p>\n","protected":false},"excerpt":{"rendered":"<p>\u00a0 Rodeado de su familia y sus amigos, el periodista Jos\u00e9 &quot;Pepe&quot; Eliaschev recibi\u00f3 el viernes pasado por la tarde una distinci\u00f3n por su trayectoria profesional en la Legislatura porte\u00f1a, durante un acto presidido por la vicejefa de Gobierno porte\u00f1o, Mar\u00eda Eugenia Vidal. El homenaje fue organizado por el diputado porte\u00f1o Sergio Bergman, autor de [&hellip;]<\/p>\n","protected":false},"author":2,"featured_media":21026,"comment_status":"open","ping_status":"open","sticky":false,"template":"","format":"standard","meta":{"_et_pb_use_builder":"","_et_pb_old_content":"","_et_gb_content_width":"","footnotes":""},"categories":[11,44],"tags":[],"class_list":["post-21025","post","type-post","status-publish","format-standard","has-post-thumbnail","hentry","category-ciudad","category-funcionarios-de-la-caba"],"_links":{"self":[{"href":"https:\/\/vocesdebaires.com.ar\/index.php\/wp-json\/wp\/v2\/posts\/21025"}],"collection":[{"href":"https:\/\/vocesdebaires.com.ar\/index.php\/wp-json\/wp\/v2\/posts"}],"about":[{"href":"https:\/\/vocesdebaires.com.ar\/index.php\/wp-json\/wp\/v2\/types\/post"}],"author":[{"embeddable":true,"href":"https:\/\/vocesdebaires.com.ar\/index.php\/wp-json\/wp\/v2\/users\/2"}],"replies":[{"embeddable":true,"href":"https:\/\/vocesdebaires.com.ar\/index.php\/wp-json\/wp\/v2\/comments?post=21025"}],"version-history":[{"count":0,"href":"https:\/\/vocesdebaires.com.ar\/index.php\/wp-json\/wp\/v2\/posts\/21025\/revisions"}],"wp:featuredmedia":[{"embeddable":true,"href":"https:\/\/vocesdebaires.com.ar\/index.php\/wp-json\/wp\/v2\/media\/21026"}],"wp:attachment":[{"href":"https:\/\/vocesdebaires.com.ar\/index.php\/wp-json\/wp\/v2\/media?parent=21025"}],"wp:term":[{"taxonomy":"category","embeddable":true,"href":"https:\/\/vocesdebaires.com.ar\/index.php\/wp-json\/wp\/v2\/categories?post=21025"},{"taxonomy":"post_tag","embeddable":true,"href":"https:\/\/vocesdebaires.com.ar\/index.php\/wp-json\/wp\/v2\/tags?post=21025"}],"curies":[{"name":"wp","href":"https:\/\/api.w.org\/{rel}","templated":true}]}}