{"id":21031,"date":"2013-11-25T16:20:35","date_gmt":"2013-11-25T19:20:35","guid":{"rendered":"http:\/\/vocesdebaires.com.ar\/wordpress\/index.php\/2013\/11\/25\/vidal-denunciar-los-casos-de-violencia-de-genero\/"},"modified":"2013-11-25T16:20:35","modified_gmt":"2013-11-25T19:20:35","slug":"vidal-denunciar-los-casos-de-violencia-de-genero","status":"publish","type":"post","link":"https:\/\/vocesdebaires.com.ar\/index.php\/2013\/11\/25\/vidal-denunciar-los-casos-de-violencia-de-genero\/","title":{"rendered":"Vidal: Denunciar los casos de violencia de g\u00e9nero"},"content":{"rendered":"<p>\u00a0<br \/>\n  La vicejefa de gobierno porte\u00f1o, Mar\u00eda Eugenia Vidal, destac\u00f3 la importancia de animarse a denunciar los casos de violencia de g\u00e9nero y record\u00f3 que la l\u00ednea de asistencia social para v\u00edctimas, el 0800-666-8537, funciona las 24 horas todos los d\u00edas del a\u00f1o. \u201cLas mujeres que atraviesan este problema tienen que saber que no est\u00e1n solas. Desde el gobierno de la ciudad hay una red de contenci\u00f3n y protecci\u00f3n que las asiste y las ayuda. Es importante animarse a denunciar y empezar a salir del c\u00edrculo de violencia,\u201d agreg\u00f3 Vidal.<br \/>\n La vicejefa realiz\u00f3 estas declaraciones despu\u00e9s de recorrer la muestra fotogr\u00e1fica que forma parte de la campa\u00f1a de concientizaci\u00f3n \u201cHagamos visible lo invisible. Denunci\u00e1 la Violencia \u00a0contra la Mujer\u201d, realizada por el Ministerio de Desarrollo Social. La muestra, lanzada en ocasi\u00f3n de conmemorarse ma\u00f1ana el D\u00eda Internacional de la Eliminaci\u00f3n de la Violencia contra la Mujer, puede visitarse hasta el 29 de noviembre en Plaza de la Rep\u00fablica. Cuenta con la participaci\u00f3n de artistas como Cecilia Roth, Carla Peterson, Mariana Arias, Julieta D\u00edaz, Natalia Lobo, Ver\u00f3nica Lozano, Griselda Siciliani, Juan Minuj\u00edn, \u201cChino\u201d Dar\u00edn (h), Mart\u00edn Seefeld y Romina Gaetani. Fue realizada por la prestigiosa fot\u00f3grafa colombiana Mar\u00eda Teresa de Jes\u00fas, se completa con un video que se puede ver en redes sociales con la participaci\u00f3n del actor Ricardo Dar\u00edn.<br \/>\n  fotos : Mariana Arias, Carolina Stanley, Juan Carr, Alvaro Gonz\u00e1lez (subsecretario de Asuntos P\u00fablicos) y Guadalupe Tagliaferri (subsecretaria de Promoci\u00f3n Social) junto a Vidal.<\/p>\n","protected":false},"excerpt":{"rendered":"<p>\u00a0 La vicejefa de gobierno porte\u00f1o, Mar\u00eda Eugenia Vidal, destac\u00f3 la importancia de animarse a denunciar los casos de violencia de g\u00e9nero y record\u00f3 que la l\u00ednea de asistencia social para v\u00edctimas, el 0800-666-8537, funciona las 24 horas todos los d\u00edas del a\u00f1o. \u201cLas mujeres que atraviesan este problema tienen que saber que no est\u00e1n [&hellip;]<\/p>\n","protected":false},"author":2,"featured_media":21032,"comment_status":"open","ping_status":"open","sticky":false,"template":"","format":"standard","meta":{"_et_pb_use_builder":"","_et_pb_old_content":"","_et_gb_content_width":"","footnotes":""},"categories":[11,44],"tags":[],"class_list":["post-21031","post","type-post","status-publish","format-standard","has-post-thumbnail","hentry","category-ciudad","category-funcionarios-de-la-caba"],"_links":{"self":[{"href":"https:\/\/vocesdebaires.com.ar\/index.php\/wp-json\/wp\/v2\/posts\/21031"}],"collection":[{"href":"https:\/\/vocesdebaires.com.ar\/index.php\/wp-json\/wp\/v2\/posts"}],"about":[{"href":"https:\/\/vocesdebaires.com.ar\/index.php\/wp-json\/wp\/v2\/types\/post"}],"author":[{"embeddable":true,"href":"https:\/\/vocesdebaires.com.ar\/index.php\/wp-json\/wp\/v2\/users\/2"}],"replies":[{"embeddable":true,"href":"https:\/\/vocesdebaires.com.ar\/index.php\/wp-json\/wp\/v2\/comments?post=21031"}],"version-history":[{"count":0,"href":"https:\/\/vocesdebaires.com.ar\/index.php\/wp-json\/wp\/v2\/posts\/21031\/revisions"}],"wp:featuredmedia":[{"embeddable":true,"href":"https:\/\/vocesdebaires.com.ar\/index.php\/wp-json\/wp\/v2\/media\/21032"}],"wp:attachment":[{"href":"https:\/\/vocesdebaires.com.ar\/index.php\/wp-json\/wp\/v2\/media?parent=21031"}],"wp:term":[{"taxonomy":"category","embeddable":true,"href":"https:\/\/vocesdebaires.com.ar\/index.php\/wp-json\/wp\/v2\/categories?post=21031"},{"taxonomy":"post_tag","embeddable":true,"href":"https:\/\/vocesdebaires.com.ar\/index.php\/wp-json\/wp\/v2\/tags?post=21031"}],"curies":[{"name":"wp","href":"https:\/\/api.w.org\/{rel}","templated":true}]}}