{"id":21066,"date":"2013-11-28T13:40:15","date_gmt":"2013-11-28T16:40:15","guid":{"rendered":"http:\/\/vocesdebaires.com.ar\/wordpress\/index.php\/2013\/11\/28\/ultima-sesion-del-foro-de-la-tercera-edad\/"},"modified":"2013-11-28T13:40:15","modified_gmt":"2013-11-28T16:40:15","slug":"ultima-sesion-del-foro-de-la-tercera-edad","status":"publish","type":"post","link":"https:\/\/vocesdebaires.com.ar\/index.php\/2013\/11\/28\/ultima-sesion-del-foro-de-la-tercera-edad\/","title":{"rendered":"\u00daltima sesi\u00f3n del Foro de la Tercera Edad"},"content":{"rendered":"<p>\u00a0<br \/>\n Se realiz\u00f3 el cierre del a\u00f1o del Foro de la Tercera Edad a cargo de la presidente de la Comisi\u00f3n, Diputada Mar\u00eda Am\u00e9rica Gonz\u00e1lez (BApT), quien en diciembre finaliza su mandato y por tanto la dirigencia del Foro. La acompa\u00f1aron los Vicepresidentes 1\u00ba y 2\u00ba, diputados Raquel Herrero (PRO) y Edgardo Form (NE), respectivamente; y el subsecretario de la Tercera Edad, Claudio Romero. &quot;Me despido este a\u00f1o pero los dejo en manos de Raquel Herrero, quien ojal\u00e1 sea la presidente de la comisi\u00f3n. Fue un placer tratar con ustedes y les aseguro que voy a seguir estando en este camino, seguir\u00e9 trabajando aunque sea desde afuera&quot;, asegur\u00f3 la diputada Gonz\u00e1lez (BApT) en su discurso de apertura.<br \/>\nPor su parte, Herrero (PRO) afirm\u00f3 que ser\u00e1 parte de la comisi\u00f3n para continuar con el trabajo que Mar\u00eda Am\u00e9rica Gonz\u00e1lez viene haciendo. &quot;Los adultos mayores son una parte esencial de la sociedad y seguiremos luchando por ellos y festejando estos 30 a\u00f1os de democracia&quot;, expres\u00f3 la Legisladora. En tanto, el legislador del bloque Nuevo Encuentro, Form, declar\u00f3 su compromiso con la comisi\u00f3n y con el trabajo futuro que seguir\u00e1n haciendo en la Legislatura. &quot;Los jubilados merecen como ciudadanos que los Diputados trabajemos, nuestro objetivo es mejorar la calidad de vida para todos y ojal\u00e1 podamos contar con la ayuda de la diputada Gonz\u00e1lez para continuar este proyecto&quot;, sostuvo. En el Sal\u00f3n Montevideo del Palacio Legislativo se llev\u00f3 a cabo una entrega de presentes y diplomas por parte de los miembros del Foro de la Tercera Edad a los diputados\/as, y luego desde la comisi\u00f3n de Cultura se realiz\u00f3 una invitaci\u00f3n para que los jubilados formen parte de las actividades del \u00e1rea y realizar acciones en conjunto.<br \/>\nUn compromiso con los mayores<br \/>\nEl Foro de la Tercera Edad es una comisi\u00f3n especial presidida por la legisladora Mar\u00eda Am\u00e9rica Gonz\u00e1lez, junto con el subsecretario de la Tercera Edad de la ciudad, Claudio Romero, e integrada por distintos dirigentes. Se trata de un espacio de debate de los jubilados que transformar\u00e1 en iniciativas legislativas aquellas propuestas que surjan en pos de mejorar la calidad de vida de los trabajadores pasivos de la Ciudad, garantizar y fomentar la creaci\u00f3n y desarrollo de los Centros de Jubilados, los cuales brindan servicios esenciales a los mayores, permiti\u00e9ndoles actividades recreativas, intelectuales, tur\u00edsticas y f\u00edsicas. A pesar de que la comisi\u00f3n especial del Foro de la Tercera Edad fue creada en 2001, \u00e9sta nunca funcion\u00f3; casi diez a\u00f1os despu\u00e9s, Gonz\u00e1lez la puso en marcha. El Foro funcion\u00f3 una vez por mes en el recinto de la Legislatura y fue integrado por hasta 60 representantes de Centros de Jubilados y Pensionados de la Ciudad, inscriptos en la Direcci\u00f3n de Gesti\u00f3n y Participaci\u00f3n Ciudadana de la Legislatura Porte\u00f1a.<br \/>\n\u00a0<br \/>\nFoto :(Izq. a der.) Diputada Raquel Herrero (PRO); Diputada Mar\u00eda Am\u00e9rica Gonz\u00e1lez (BApT), y Diputado Edgardo Form (NE).<\/p>\n","protected":false},"excerpt":{"rendered":"<p>\u00a0 Se realiz\u00f3 el cierre del a\u00f1o del Foro de la Tercera Edad a cargo de la presidente de la Comisi\u00f3n, Diputada Mar\u00eda Am\u00e9rica Gonz\u00e1lez (BApT), quien en diciembre finaliza su mandato y por tanto la dirigencia del Foro. La acompa\u00f1aron los Vicepresidentes 1\u00ba y 2\u00ba, diputados Raquel Herrero (PRO) y Edgardo Form (NE), respectivamente; [&hellip;]<\/p>\n","protected":false},"author":2,"featured_media":21067,"comment_status":"open","ping_status":"open","sticky":false,"template":"","format":"standard","meta":{"_et_pb_use_builder":"","_et_pb_old_content":"","_et_gb_content_width":"","footnotes":""},"categories":[11,44],"tags":[],"class_list":["post-21066","post","type-post","status-publish","format-standard","has-post-thumbnail","hentry","category-ciudad","category-funcionarios-de-la-caba"],"_links":{"self":[{"href":"https:\/\/vocesdebaires.com.ar\/index.php\/wp-json\/wp\/v2\/posts\/21066"}],"collection":[{"href":"https:\/\/vocesdebaires.com.ar\/index.php\/wp-json\/wp\/v2\/posts"}],"about":[{"href":"https:\/\/vocesdebaires.com.ar\/index.php\/wp-json\/wp\/v2\/types\/post"}],"author":[{"embeddable":true,"href":"https:\/\/vocesdebaires.com.ar\/index.php\/wp-json\/wp\/v2\/users\/2"}],"replies":[{"embeddable":true,"href":"https:\/\/vocesdebaires.com.ar\/index.php\/wp-json\/wp\/v2\/comments?post=21066"}],"version-history":[{"count":0,"href":"https:\/\/vocesdebaires.com.ar\/index.php\/wp-json\/wp\/v2\/posts\/21066\/revisions"}],"wp:featuredmedia":[{"embeddable":true,"href":"https:\/\/vocesdebaires.com.ar\/index.php\/wp-json\/wp\/v2\/media\/21067"}],"wp:attachment":[{"href":"https:\/\/vocesdebaires.com.ar\/index.php\/wp-json\/wp\/v2\/media?parent=21066"}],"wp:term":[{"taxonomy":"category","embeddable":true,"href":"https:\/\/vocesdebaires.com.ar\/index.php\/wp-json\/wp\/v2\/categories?post=21066"},{"taxonomy":"post_tag","embeddable":true,"href":"https:\/\/vocesdebaires.com.ar\/index.php\/wp-json\/wp\/v2\/tags?post=21066"}],"curies":[{"name":"wp","href":"https:\/\/api.w.org\/{rel}","templated":true}]}}