{"id":21080,"date":"2013-11-28T18:43:44","date_gmt":"2013-11-28T21:43:44","guid":{"rendered":"http:\/\/vocesdebaires.com.ar\/wordpress\/index.php\/2013\/11\/28\/vidal-dijo-nos-votaron-para-esosobre-el-dialogo\/"},"modified":"2013-11-28T18:43:44","modified_gmt":"2013-11-28T21:43:44","slug":"vidal-dijo-nos-votaron-para-esosobre-el-dialogo","status":"publish","type":"post","link":"https:\/\/vocesdebaires.com.ar\/index.php\/2013\/11\/28\/vidal-dijo-nos-votaron-para-esosobre-el-dialogo\/","title":{"rendered":"Vidal: Dijo &quot;nos votaron para eso&quot;,sobre el dialogo"},"content":{"rendered":"<p>\u00a0<br \/>\n La vicejefa \u00a0Gobierno de la Ciudad, Mar\u00eda Eugenia Vidal, confirm\u00f3 que Mauricio Macri concurrir\u00e1 al di\u00e1logo con las autoridades nacionales y expres\u00f3: \u201cOjal\u00e1 sea un momento para avanzar en acuerdos concretos para trabajar, porque nos votaron para eso\u201d. Vidal inform\u00f3 que el pr\u00f3ximo mi\u00e9rcoles 4 de diciembre, a las 8:00, el jefe de Gobierno porte\u00f1o visitar\u00e1 al jefe de gabinete de la Naci\u00f3n, Jorge Capitanich, respondiendo a una convocatoria \u00a0a la que calific\u00f3 como \u201cse\u00f1al alentadora\u201d.<br \/>\n Como antesala de ese encuentro, la vicejefa de la Ciudad destac\u00f3 la \u201cbuena noticia\u201d que significa el anuncio del gobierno nacional respecto del corrimiento del cerco perimetral del Aeroparque, lo que permitir\u00e1 realizar las obras de extensi\u00f3n de la Autopista Illia hasta la avenida General Paz. Esa construcci\u00f3n estaba parada por la anterior negativa de las autoridades nacionales a permitir la realizaci\u00f3n de las tareas. \u201cEl anuncio del corrimiento del cerco es una se\u00f1al alentadora, una buena noticia y ojal\u00e1 estos encuentros vayan en la misma direcci\u00f3n\u201d, destac\u00f3 \u00a0Vidal . \u201cApenas se corra el cerco, la obra se va a terminar en 4 o 5 meses y a permitir que la gente que entra o sale de la Ciudad por la zona Norte lo haga de manera m\u00e1s r\u00e1pida entre las avenidas General Paz y 9 de Julio\u201d, explic\u00f3.<\/p>\n","protected":false},"excerpt":{"rendered":"<p>\u00a0 La vicejefa \u00a0Gobierno de la Ciudad, Mar\u00eda Eugenia Vidal, confirm\u00f3 que Mauricio Macri concurrir\u00e1 al di\u00e1logo con las autoridades nacionales y expres\u00f3: \u201cOjal\u00e1 sea un momento para avanzar en acuerdos concretos para trabajar, porque nos votaron para eso\u201d. Vidal inform\u00f3 que el pr\u00f3ximo mi\u00e9rcoles 4 de diciembre, a las 8:00, el jefe de Gobierno [&hellip;]<\/p>\n","protected":false},"author":2,"featured_media":17432,"comment_status":"open","ping_status":"open","sticky":false,"template":"","format":"standard","meta":{"_et_pb_use_builder":"","_et_pb_old_content":"","_et_gb_content_width":"","footnotes":""},"categories":[11,44],"tags":[],"class_list":["post-21080","post","type-post","status-publish","format-standard","has-post-thumbnail","hentry","category-ciudad","category-funcionarios-de-la-caba"],"_links":{"self":[{"href":"https:\/\/vocesdebaires.com.ar\/index.php\/wp-json\/wp\/v2\/posts\/21080"}],"collection":[{"href":"https:\/\/vocesdebaires.com.ar\/index.php\/wp-json\/wp\/v2\/posts"}],"about":[{"href":"https:\/\/vocesdebaires.com.ar\/index.php\/wp-json\/wp\/v2\/types\/post"}],"author":[{"embeddable":true,"href":"https:\/\/vocesdebaires.com.ar\/index.php\/wp-json\/wp\/v2\/users\/2"}],"replies":[{"embeddable":true,"href":"https:\/\/vocesdebaires.com.ar\/index.php\/wp-json\/wp\/v2\/comments?post=21080"}],"version-history":[{"count":0,"href":"https:\/\/vocesdebaires.com.ar\/index.php\/wp-json\/wp\/v2\/posts\/21080\/revisions"}],"wp:featuredmedia":[{"embeddable":true,"href":"https:\/\/vocesdebaires.com.ar\/index.php\/wp-json\/wp\/v2\/media\/17432"}],"wp:attachment":[{"href":"https:\/\/vocesdebaires.com.ar\/index.php\/wp-json\/wp\/v2\/media?parent=21080"}],"wp:term":[{"taxonomy":"category","embeddable":true,"href":"https:\/\/vocesdebaires.com.ar\/index.php\/wp-json\/wp\/v2\/categories?post=21080"},{"taxonomy":"post_tag","embeddable":true,"href":"https:\/\/vocesdebaires.com.ar\/index.php\/wp-json\/wp\/v2\/tags?post=21080"}],"curies":[{"name":"wp","href":"https:\/\/api.w.org\/{rel}","templated":true}]}}