{"id":21085,"date":"2013-11-28T21:07:24","date_gmt":"2013-11-29T00:07:24","guid":{"rendered":"http:\/\/vocesdebaires.com.ar\/wordpress\/index.php\/2013\/11\/28\/2014-ano-de-las-letras-argentinas\/"},"modified":"2013-11-28T21:07:24","modified_gmt":"2013-11-29T00:07:24","slug":"2014-ano-de-las-letras-argentinas","status":"publish","type":"post","link":"https:\/\/vocesdebaires.com.ar\/index.php\/2013\/11\/28\/2014-ano-de-las-letras-argentinas\/","title":{"rendered":"2014, A\u00f1o de las letras argentinas"},"content":{"rendered":"<p>\u00a0<br \/>\n Se declar\u00f3 por ley en el \u00e1mbito de la Ciudad Aut\u00f3noma de Buenos Aires, el 2014 como &quot;A\u00f1o de las letras argentinas&quot; en conmemoraci\u00f3n del cent\u00e9simo aniversario de los nacimientos de Julio Cort\u00e1zar y Adolfo Bioy Casares. El art\u00edculo 2\u00b0 de la norma establece que los papeles oficiales lleven impresa esa leyenda. Julio Cort\u00e1zar, nacido el 26 de agosto de 1914 en Bruselas -B\u00e9lgica fue hijo de diplom\u00e1ticos argentinos y poco antes de fallecer el 12 de febrero de 1984, public\u00f3 su libro de poemas &quot;Salvo el crep\u00fasculo&quot; y los art\u00edculos &quot;Argentina, a\u00f1os de alambradas culturales&quot;. En tanto, Adolfo Bioy Casares, naci\u00f3 el 15 de septiembre de 1914 en Buenos Aires, se cas\u00f3 con la c\u00e9lebre escritora Silvina Ocampo y fue entra\u00f1able amigo de Jorge Luis Borges. El 8 de marzo de 1999 falleci\u00f3 en Buenos Aires.<br \/>\n La iniciativa de la diputada Diana Mart\u00ednez Barrios (PRO) tambi\u00e9n considera la conmemoraci\u00f3n del 80 aniversario de la creaci\u00f3n de Argentores, cuya historia se remonta a fines del siglo XIX en un contexto en que los derechos intelectuales de los autores argentinos estaban muy desprotegidos. El proyecto pretende adem\u00e1s, rendir homenaje a otros autores tales como Pedro Bonifacio Palacios, maestro y poeta conocido por el seud\u00f3nimo de Almafuerte, quien naci\u00f3 en San Justo (B) el 13 de mayo de 1854 por lo que en el 2014 se conmemorar\u00e1 el 160 aniversario de su natalicio. Tambi\u00e9n, Leopoldo Lugones, poeta, ensayista, periodista y pol\u00edtico cordob\u00e9s nacido en Villa de Mar\u00eda del R\u00edo Seco, el 13 de junio de 1874, de quien se celebrar\u00e1n 140 a\u00f1os de su nacimiento. Jorge Luis Borges, uno de los autores m\u00e1s destacados de la literatura del siglo XX, naci\u00f3 en Bu enos Aires el 24 de agosto de 1899, cumpli\u00e9ndose en el 2014 los 115 a\u00f1os de su advenimiento. Tom\u00e1s Eloy Mart\u00ednez, escritor y periodista, guionista de cine y ensayista oriundo de Tucum\u00e1n, nacido el 16 de julio de 1934, por lo que se celebrar\u00e1n 80 a\u00f1os de su nacimiento; y Roberto \u201cel Negro\u201d Fontanarrosa, humorista gr\u00e1fico y escritor que naci\u00f3 el 26 de noviembre de 1944 y en el 2014 se cumplen 70 a\u00f1os de su natalicio en Rosario -Santa fe.<\/p>\n","protected":false},"excerpt":{"rendered":"<p>\u00a0 Se declar\u00f3 por ley en el \u00e1mbito de la Ciudad Aut\u00f3noma de Buenos Aires, el 2014 como &quot;A\u00f1o de las letras argentinas&quot; en conmemoraci\u00f3n del cent\u00e9simo aniversario de los nacimientos de Julio Cort\u00e1zar y Adolfo Bioy Casares. El art\u00edculo 2\u00b0 de la norma establece que los papeles oficiales lleven impresa esa leyenda. Julio Cort\u00e1zar, [&hellip;]<\/p>\n","protected":false},"author":2,"featured_media":21086,"comment_status":"open","ping_status":"open","sticky":false,"template":"","format":"standard","meta":{"_et_pb_use_builder":"","_et_pb_old_content":"","_et_gb_content_width":"","footnotes":""},"categories":[11,44],"tags":[],"class_list":["post-21085","post","type-post","status-publish","format-standard","has-post-thumbnail","hentry","category-ciudad","category-funcionarios-de-la-caba"],"_links":{"self":[{"href":"https:\/\/vocesdebaires.com.ar\/index.php\/wp-json\/wp\/v2\/posts\/21085"}],"collection":[{"href":"https:\/\/vocesdebaires.com.ar\/index.php\/wp-json\/wp\/v2\/posts"}],"about":[{"href":"https:\/\/vocesdebaires.com.ar\/index.php\/wp-json\/wp\/v2\/types\/post"}],"author":[{"embeddable":true,"href":"https:\/\/vocesdebaires.com.ar\/index.php\/wp-json\/wp\/v2\/users\/2"}],"replies":[{"embeddable":true,"href":"https:\/\/vocesdebaires.com.ar\/index.php\/wp-json\/wp\/v2\/comments?post=21085"}],"version-history":[{"count":0,"href":"https:\/\/vocesdebaires.com.ar\/index.php\/wp-json\/wp\/v2\/posts\/21085\/revisions"}],"wp:featuredmedia":[{"embeddable":true,"href":"https:\/\/vocesdebaires.com.ar\/index.php\/wp-json\/wp\/v2\/media\/21086"}],"wp:attachment":[{"href":"https:\/\/vocesdebaires.com.ar\/index.php\/wp-json\/wp\/v2\/media?parent=21085"}],"wp:term":[{"taxonomy":"category","embeddable":true,"href":"https:\/\/vocesdebaires.com.ar\/index.php\/wp-json\/wp\/v2\/categories?post=21085"},{"taxonomy":"post_tag","embeddable":true,"href":"https:\/\/vocesdebaires.com.ar\/index.php\/wp-json\/wp\/v2\/tags?post=21085"}],"curies":[{"name":"wp","href":"https:\/\/api.w.org\/{rel}","templated":true}]}}