{"id":21089,"date":"2013-11-29T18:48:49","date_gmt":"2013-11-29T21:48:49","guid":{"rendered":"http:\/\/vocesdebaires.com.ar\/wordpress\/index.php\/2013\/11\/29\/obras-del-hospital-pinerolanzan-recitales-gratuitos\/"},"modified":"2013-11-29T18:48:49","modified_gmt":"2013-11-29T21:48:49","slug":"obras-del-hospital-pinerolanzan-recitales-gratuitos","status":"publish","type":"post","link":"https:\/\/vocesdebaires.com.ar\/index.php\/2013\/11\/29\/obras-del-hospital-pinerolanzan-recitales-gratuitos\/","title":{"rendered":"Obras del Hospital Pi\u00f1ero,lanzan recitales gratuitos"},"content":{"rendered":"<p>\u00a0<br \/>\n  La vicejefa de gobierno de la ciudad, Mar\u00eda Eugenia Vidal recorri\u00f3 esta ma\u00f1ana las obras de ampliaci\u00f3n y remodelaci\u00f3n del servicio de Neonatolog\u00eda y de Terapia Intermedia del Hospital General de Agudos Parmenio Pi\u00f1ero, ubicado en el barrio porte\u00f1o de Flores. En la recorrida por ambos sectores, Vidal estuvo acompa\u00f1ada por la ministra de Salud, Graciela Reybaud; el director del hospital Pi\u00f1ero, Dami\u00e1n Pagano; y un grupo de profesionales.  &quot;Las obras en el servicio de Neonatologia significar\u00e1n un cambio radical en el tipo y calidad de atenci\u00f3n que presta el servicio&quot;, explic\u00f3 Vidal al finalizar la recorrida. &quot;Estas mejoras no s\u00f3lo ser\u00e1n para los pacientes y madres de los chicos que se atienden aqu\u00ed sino tambi\u00e9n para el personal que trabaja en el hospital, que podr\u00e1 tener espacios nuevos y m\u00e1s modernos&quot;.<br \/>\n Una vez terminada la obra en el sector de Neonatolog\u00eda, el servicio contar\u00e1 con nuevas salas para monitoreo, sector de informes, \u00e1rea de jefatura, dormitorios m\u00e9dicos, sala de estar m\u00e9dico y \u00e1reas complementarias. El sector de Terapia Intermedia incorporar\u00e1 nuevas camas con su respectivo equipamiento.<br \/>\n &#8212;&#8212;&#8212;&#8212;&#8212;&#8212;&#8212;&#8212;&#8212;&#8212;&#8212;&#8212;&#8212;&#8212;&#8212;&#8212;&#8212;&#8212;&#8212;&#8212;&#8212;&#8212;&#8212;&#8212;&#8212;&#8212;&#8212;&#8212;&#8212;&#8212;&#8212;&#8212;&#8212;&#8212;&#8212;&#8212;&#8212;&#8212;&#8212;&#8212;&#8212;&#8212;&#8212;&#8212;&#8212;&#8212;&#8212;&#8212;&#8212;&#8212;&#8212;&#8212;&#8212;&#8212;&#8212;&#8212;&#8212;&#8212;&#8212;&#8212;&#8212;&#8212;&#8212;&#8211;<br \/>\n   Ademas La vicejefa de gobierno de la ciudad, Mar\u00eda Eugenia Vidal, estar\u00e1 presente este domingo, a las 18.15, en el Planetario para lanzar oficialmente #ChauTab\u00fa, una p\u00e1gina web sobre salud sexual y reproductiva dirigida a j\u00f3venes. El lanzamiento, a cargo de la Direcci\u00f3n General de Pol\u00edticas de Juventud, contar\u00e1 con recitales, la realizaci\u00f3n de un mural colectivo liderado por la ilustradora Power Paola, cine debate y consejer\u00edas m\u00f3viles con profesionales capacitados que responder\u00e1n a preguntas de los j\u00f3venes. En el escenario central, ubicado en Sarmiento y Belisario Rold\u00e1n, actuar\u00e1 Demod\u00e9 a las 16, Fabricio Rodr\u00edguez a las 17, mientras que el show de cierre estar\u00e1 a cargo de Agapornis, a partir de las 19.<br \/>\n La plataforma web, que contiene entre otras secciones un consultorio on line gratuito, \u00a0puede consultarse en www.buenosaires.gob.ar\/chautabu. \u201cQueremos que este sitio sea una herramienta \u00fatil, un lugar donde los j\u00f3venes puedan encontrar la informaci\u00f3n y el asesoramiento que necesiten, un lugar donde puedan preguntar sin miedo y pedir ayuda\u201d, se\u00f1al\u00f3 Vidal. \u201c#ChauTab\u00fa les dar\u00e1 a los j\u00f3venes la posibilidad de hacer preguntas an\u00f3nimas y recibir respuestas confiables por parte de un equipo de profesionales. La confidencialidad ser\u00e1 el gran valor de esta p\u00e1gina, en la que \u00a0los chicos podr\u00e1n informarse, aprender a conocer su cuerpo y a cuidarse para poder decidir con libertad\u201d agreg\u00f3 la vicejefa. La iniciativa #ChauTab\u00fa cuenta con el apoyo de la Fundaci\u00f3n Hu\u00e9sped, FUNDALAM, FALGBT y FUNDAMIND.<br \/>\n INFORMACI\u00d3N ADICIONAL<br \/>\n El sitio web \u00a0www.buenosaires.gob.ar\/chautabu contiene varias secciones:<br \/>\n1) Comparador de m\u00e9todos anticonceptivos para que los j\u00f3venes elijan cu\u00e1l es el m\u00e1s indicado para su situaci\u00f3n.<br \/>\n2) Consultorio online para que planteen libremente sus dudas de manera an\u00f3nima y confidencial.<br \/>\n3) Preguntas frecuentes: informaci\u00f3n confiable sobre infecciones de transmisi\u00f3n sexual, embarazo, m\u00e9todos anticonceptivos y m\u00e1s.<br \/>\n4) Mapa interactivo para \u00a0ubicar r\u00e1pida y f\u00e1cilmente donde realizarse un test de embarazo, test de VIH-Sida, en qu\u00e9 lugares se entregan m\u00e9todos anticonceptivos gratuitamente y d\u00f3nde se pueden realizar consultas personalmente.<\/p>\n","protected":false},"excerpt":{"rendered":"<p>\u00a0 La vicejefa de gobierno de la ciudad, Mar\u00eda Eugenia Vidal recorri\u00f3 esta ma\u00f1ana las obras de ampliaci\u00f3n y remodelaci\u00f3n del servicio de Neonatolog\u00eda y de Terapia Intermedia del Hospital General de Agudos Parmenio Pi\u00f1ero, ubicado en el barrio porte\u00f1o de Flores. En la recorrida por ambos sectores, Vidal estuvo acompa\u00f1ada por la ministra de [&hellip;]<\/p>\n","protected":false},"author":2,"featured_media":21090,"comment_status":"open","ping_status":"open","sticky":false,"template":"","format":"standard","meta":{"_et_pb_use_builder":"","_et_pb_old_content":"","_et_gb_content_width":"","footnotes":""},"categories":[11,44],"tags":[],"class_list":["post-21089","post","type-post","status-publish","format-standard","has-post-thumbnail","hentry","category-ciudad","category-funcionarios-de-la-caba"],"_links":{"self":[{"href":"https:\/\/vocesdebaires.com.ar\/index.php\/wp-json\/wp\/v2\/posts\/21089"}],"collection":[{"href":"https:\/\/vocesdebaires.com.ar\/index.php\/wp-json\/wp\/v2\/posts"}],"about":[{"href":"https:\/\/vocesdebaires.com.ar\/index.php\/wp-json\/wp\/v2\/types\/post"}],"author":[{"embeddable":true,"href":"https:\/\/vocesdebaires.com.ar\/index.php\/wp-json\/wp\/v2\/users\/2"}],"replies":[{"embeddable":true,"href":"https:\/\/vocesdebaires.com.ar\/index.php\/wp-json\/wp\/v2\/comments?post=21089"}],"version-history":[{"count":0,"href":"https:\/\/vocesdebaires.com.ar\/index.php\/wp-json\/wp\/v2\/posts\/21089\/revisions"}],"wp:featuredmedia":[{"embeddable":true,"href":"https:\/\/vocesdebaires.com.ar\/index.php\/wp-json\/wp\/v2\/media\/21090"}],"wp:attachment":[{"href":"https:\/\/vocesdebaires.com.ar\/index.php\/wp-json\/wp\/v2\/media?parent=21089"}],"wp:term":[{"taxonomy":"category","embeddable":true,"href":"https:\/\/vocesdebaires.com.ar\/index.php\/wp-json\/wp\/v2\/categories?post=21089"},{"taxonomy":"post_tag","embeddable":true,"href":"https:\/\/vocesdebaires.com.ar\/index.php\/wp-json\/wp\/v2\/tags?post=21089"}],"curies":[{"name":"wp","href":"https:\/\/api.w.org\/{rel}","templated":true}]}}