{"id":21091,"date":"2013-11-29T19:05:10","date_gmt":"2013-11-29T22:05:10","guid":{"rendered":"http:\/\/vocesdebaires.com.ar\/wordpress\/index.php\/2013\/11\/29\/legisladora-raquel-herrero-modificacion-multas-de-transitos\/"},"modified":"2013-11-29T19:05:10","modified_gmt":"2013-11-29T22:05:10","slug":"legisladora-raquel-herrero-modificacion-multas-de-transitos","status":"publish","type":"post","link":"https:\/\/vocesdebaires.com.ar\/index.php\/2013\/11\/29\/legisladora-raquel-herrero-modificacion-multas-de-transitos\/","title":{"rendered":"Legisladora Raquel  Herrero : Modificaci\u00f3n multas de tr\u00e1nsitos"},"content":{"rendered":"<p>\u00a0<br \/>\n Desde mi lugar de Diputada, desde que asum\u00ed me he comprometido a trabajar en esta tem\u00e1tica porque me interesa de sobremanera. En todos estos a\u00f1os, siendo parte de la Comisi\u00f3n de Tr\u00e1nsito y Transporte de la Legislatura, llev\u00e9 adelante iniciativas, charlas y jornadas con el fin de aportar mi granito de arena en pos de mejorar la seguridad vial. En ese sentido se aprobaron las varias leyes de mi autor\u00eda, dentro de las cuales se pueden destacar la Ley 3725 que sancionaba con multas m\u00e1s severas los excesos de velocidad en calle, avenidas y v\u00edas r\u00e1pidas. La Ley 3916 que sanciona a quienes invadan el carril del Metrobus o de las Ciclov\u00edas. La Ley 3916 por la cual se procede a la Retensi\u00f3n Preventiva de la Licencia de conducir en determinadas infracciones como el exceso de velocidad, el circular sin casco en moto, el cruzar un sem\u00e1foro en rojo o cruzar con las barreras bajas la v\u00edas del tren.<br \/>\n Ayer la Legislatura, despu\u00e9s de un fuerte trabajo en la Comisi\u00f3n de Justicia modific\u00f3 m\u00e1s de 300 art\u00edculos del C\u00f3digo de Faltas, donde varios tienen que ver con el tr\u00e1nsito. Por supuesto que acompa\u00f1\u00e9 con mi voto positivo estos cambios, ya que los considero muy importantes en la b\u00fasqueda de seguir mejorando en este tema. M\u00e1s all\u00e1 de la educaci\u00f3n vial, de las charlas, de las Jornadas que se pueden organizar para avanzar en este \u00e1mbito, la multa es una herramienta clave para que los conductores tomen conciencia. Conciencia que les permita entender que pueden poner en riesgo su vida, la de un ser querido o la de un tercero por el simple hecho de no respetar las normas. Las leyes est\u00e1n para cumplirse porque cuando no se cumplen las consecuencias llegan a ser irreparables. Un veh\u00edculo manejado sin respeto por las normas, sin conciencia es un arma. El a\u00f1o pasado votamos la Ley 4338 que instituye en la Ciudad Aut\u00f3noma de Buenos Aires al tercer Domingo de Noviembre como &quot;D\u00eda en recuerdo a las v\u00edctimas de Tr\u00e1nsito&quot;. Es una ley que no hubiese querido votar nunca. Cuando hicimos la Jornada de Seguridad Vial con los familiares que han conformado diferentes Asociaciones en la b\u00fasqueda de Justicia y de mejores pol\u00edticas sobre el tema, coincidimos en la necesidad de seguir tomando medidas que eviten que esa mesa se agrande cada vez m\u00e1s de familiares. A\u00fan me restan dos a\u00f1os como Diputada de la Ciudad, y aquel compromiso que tom\u00e9 desde el comienzo lo reafirm\u00f3 m\u00e1s. Queda mucho por hacer, pero con di\u00e1logo, trabajo y consenso podemos seguir mejorando y educando con el objetivo de dejarle a nuestros hijos y nietos una ciudad m\u00e1s conciente en este tema.<\/p>\n","protected":false},"excerpt":{"rendered":"<p>\u00a0 Desde mi lugar de Diputada, desde que asum\u00ed me he comprometido a trabajar en esta tem\u00e1tica porque me interesa de sobremanera. En todos estos a\u00f1os, siendo parte de la Comisi\u00f3n de Tr\u00e1nsito y Transporte de la Legislatura, llev\u00e9 adelante iniciativas, charlas y jornadas con el fin de aportar mi granito de arena en pos [&hellip;]<\/p>\n","protected":false},"author":2,"featured_media":16547,"comment_status":"open","ping_status":"open","sticky":false,"template":"","format":"standard","meta":{"_et_pb_use_builder":"","_et_pb_old_content":"","_et_gb_content_width":"","footnotes":""},"categories":[11,44],"tags":[],"class_list":["post-21091","post","type-post","status-publish","format-standard","has-post-thumbnail","hentry","category-ciudad","category-funcionarios-de-la-caba"],"_links":{"self":[{"href":"https:\/\/vocesdebaires.com.ar\/index.php\/wp-json\/wp\/v2\/posts\/21091"}],"collection":[{"href":"https:\/\/vocesdebaires.com.ar\/index.php\/wp-json\/wp\/v2\/posts"}],"about":[{"href":"https:\/\/vocesdebaires.com.ar\/index.php\/wp-json\/wp\/v2\/types\/post"}],"author":[{"embeddable":true,"href":"https:\/\/vocesdebaires.com.ar\/index.php\/wp-json\/wp\/v2\/users\/2"}],"replies":[{"embeddable":true,"href":"https:\/\/vocesdebaires.com.ar\/index.php\/wp-json\/wp\/v2\/comments?post=21091"}],"version-history":[{"count":0,"href":"https:\/\/vocesdebaires.com.ar\/index.php\/wp-json\/wp\/v2\/posts\/21091\/revisions"}],"wp:featuredmedia":[{"embeddable":true,"href":"https:\/\/vocesdebaires.com.ar\/index.php\/wp-json\/wp\/v2\/media\/16547"}],"wp:attachment":[{"href":"https:\/\/vocesdebaires.com.ar\/index.php\/wp-json\/wp\/v2\/media?parent=21091"}],"wp:term":[{"taxonomy":"category","embeddable":true,"href":"https:\/\/vocesdebaires.com.ar\/index.php\/wp-json\/wp\/v2\/categories?post=21091"},{"taxonomy":"post_tag","embeddable":true,"href":"https:\/\/vocesdebaires.com.ar\/index.php\/wp-json\/wp\/v2\/tags?post=21091"}],"curies":[{"name":"wp","href":"https:\/\/api.w.org\/{rel}","templated":true}]}}